{"id":146436,"date":"2025-11-10T11:37:11","date_gmt":"2025-11-10T11:37:11","guid":{"rendered":"https:\/\/www.europesays.com\/pt\/146436\/"},"modified":"2025-11-10T11:37:11","modified_gmt":"2025-11-10T11:37:11","slug":"marvel-pode-matar-um-dos-personagens-mais-velhos-em-vingadores-5","status":"publish","type":"post","link":"https:\/\/www.europesays.com\/pt\/146436\/","title":{"rendered":"Marvel pode matar um dos personagens mais velhos em Vingadores 5"},"content":{"rendered":"<p>Um dos nomes mais antigos do <a href=\"https:\/\/tangerina.uol.com.br\/filmes-series\/ordem-cronologica-marvel\/\" target=\"_blank\" rel=\"noreferrer noopener nofollow\">MCU (Universo Cinematogr\u00e1fico da Marvel)<\/a> pode estar perto de se despedir. Sebastian Stan, int\u00e9rprete de Bucky Barnes desde 2011, falou recentemente sobre sua trajet\u00f3ria no est\u00fadio, e suas declara\u00e7\u00f5es reacenderam a discuss\u00e3o sobre o destino do personagem em <a href=\"https:\/\/tangerina.uol.com.br\/filmes-series\/quarteto-fantastico-disney-plus-novo-evento-vingadores\/\" target=\"_blank\" rel=\"noreferrer noopener nofollow\">Vingadores 5<\/a>. A poss\u00edvel sa\u00edda do ator, ap\u00f3s mais de uma d\u00e9cada envolvido no est\u00fadio, levanta especula\u00e7\u00f5es sobre uma morte importante no pr\u00f3ximo grande crossover.<\/p>\n<p>Bucky voltou a ganhar espa\u00e7o em <a href=\"https:\/\/www.disneyplus.com\/play\/f51dce23-7d8f-490a-9f0c-be1b5432c2a9?distributionPartner=google\" target=\"_blank\" rel=\"noreferrer noopener nofollow\">Thunderbolts*<\/a>, lan\u00e7ado neste ano, ao lado de Yelena Belova (Florence Pugh) e John Walker (Wyatt Russell). A cena p\u00f3s-cr\u00e9ditos do filme mostrou o grupo reunido na antiga Torre dos Vingadores, agora reformulada, acompanhando a chegada da nave do Quarteto Fant\u00e1stico \u00e0 Terra. Esse momento confirmou que a equipe deve atuar diretamente em Vingadores 5, sendo posicionada como a nova forma\u00e7\u00e3o de Vingadores ap\u00f3s o rebranding do time de super-her\u00f3is.<\/p>\n<p>A d\u00favida passa a ser o papel de Bucky nessa guerra. Depois de atravessar v\u00e1rias fases dentro da franquia, desde soldado aliado do Capit\u00e3o Am\u00e9rica (Chris Evans) at\u00e9 assassino controlado mentalmente pela Hydra, o personagem se tornou um dos sobreviventes mais marcantes das primeiras sagas dos Vingadores. Justamente por ter vivido todos esses ciclos, o Soldado Invernal pode ser usado como ponto emocional de ruptura na narrativa, caso o enredo opte por trabalhar perdas significativas.<\/p>\n<p><img alt=\"Chris Evans e Sebastian Stan em cena de Capit\u00e3o Am\u00e9rica\" src=\"data:image\/gif;base64,R0lGODlhAQABAIAAAAAAAP\/\/\/yH5BAEAAAAALAAAAAABAAEAAAIBRAA7\" decoding=\"async\" style=\"position:absolute;top:0;left:0;bottom:0;right:0;box-sizing:border-box;padding:0;border:none;margin:auto;display:block;width:0;height:0;min-width:100%;max-width:100%;min-height:100%;max-height:100%\"\/><\/p>\n<p font-weight=\"500\" font-size=\"14px\" class=\"style__Typo-sc-1e1gvva-0 ezCJRb\">Chris Evans e Sebastian Stan em cena de Capit\u00e3o Am\u00e9rica (2011)<\/p>\n<p font-weight=\"300\" font-size=\"14px\" class=\"style__Typo-sc-1e1gvva-0 fvAQOT\">(Foto: Divulga\u00e7\u00e3o\/Marvel Studios)<\/p>\n<p>Marvel pode surpreender os f\u00e3s<\/p>\n<p>O pr\u00f3prio Sebastian Stan deu a deixa. Em conversa no podcast Stronger, o ator refletiu sobre a import\u00e2ncia da Marvel em sua carreira, mas tamb\u00e9m indicou que esse cap\u00edtulo pode estar chegando ao fim:<\/p>\n<p>\u201cEu preciso tentar oferecer algo diferente do que antes. E eu nunca favoreci um papel sobre outro. As coisas da Marvel, eu sempre, at\u00e9 o fim dos tempos, vou sentir que realmente me ajudaram a crescer como pessoa e como ator. Me ensinaram rela\u00e7\u00f5es e me colocaram ao lado de pessoas como Robert Downey Jr. e Scarlett Johansson, que eu admirava. Foi um trabalho. Foi uma fam\u00edlia. E me deu um senso de pertencimento. Sempre vou ter isso. Mas foi apenas o primeiro passo para mim.\u201d<\/p>\n<p>A fala de que o MCU foi apenas um \u201cprimeiro passo\u201d d\u00e1 margem para interpretar que o ator est\u00e1 se preparando para explorar outros caminhos. Como Vingadores 5 promete uma escala global de conflito envolvendo o Quarteto Fant\u00e1stico e Doutor Destino, o filme se torna um local dram\u00e1tico ideal para uma despedida de peso. Em grandes eventos da Marvel nos cinemas, nem todos os her\u00f3is sa\u00edram vivos, e o est\u00fadio tende a usar perdas assim para refor\u00e7ar o impacto emocional.<\/p>\n<p>Vingadores 5 \u00e9 s\u00f3 o come\u00e7o<\/p>\n<p>H\u00e1 ainda a possibilidade de Bucky sobreviver a Doomsday, mas ter seu destino encerrado apenas em Vingadores: Guerras Secretas, previsto para 2027. Isso permitiria que o personagem tivesse um arco final mais constru\u00eddo, encerrando sua hist\u00f3ria de forma menos abrupta e destacando seu legado.<\/p>\n<p>De qualquer forma, a aus\u00eancia de confirma\u00e7\u00f5es oficiais mant\u00e9m o suspense. Stan ainda pode seguir equilibrando filmes independentes premiados, como fez recentemente, com apari\u00e7\u00f5es pontuais na Marvel. Por\u00e9m, com o est\u00fadio prestes a abrir um novo ciclo e introduzir novas lideran\u00e7as entre os her\u00f3is, Vingadores 5 pode sim marcar o fim de uma era. E se esse for o adeus de Bucky Barnes, ele provavelmente ser\u00e1 um dos momentos mais sentidos do futuro do MCU.<\/p>\n<p>Vingadores: Doomsday estreia em 18 de dezembro de 2026.<\/p>\n","protected":false},"excerpt":{"rendered":"Um dos nomes mais antigos do MCU (Universo Cinematogr\u00e1fico da Marvel) pode estar perto de se despedir. Sebastian&hellip;\n","protected":false},"author":2,"featured_media":146437,"comment_status":"","ping_status":"","sticky":false,"template":"","format":"standard","meta":{"footnotes":""},"categories":[140],"tags":[114,115,147,148,792,146,32,33],"class_list":{"0":"post-146436","1":"post","2":"type-post","3":"status-publish","4":"format-standard","5":"has-post-thumbnail","7":"category-filmes","8":"tag-entertainment","9":"tag-entretenimento","10":"tag-film","11":"tag-filmes","12":"tag-marvel","13":"tag-movies","14":"tag-portugal","15":"tag-pt"},"share_on_mastodon":{"url":"https:\/\/pubeurope.com\/@pt\/115525205544371211","error":""},"_links":{"self":[{"href":"https:\/\/www.europesays.com\/pt\/wp-json\/wp\/v2\/posts\/146436","targetHints":{"allow":["GET"]}}],"collection":[{"href":"https:\/\/www.europesays.com\/pt\/wp-json\/wp\/v2\/posts"}],"about":[{"href":"https:\/\/www.europesays.com\/pt\/wp-json\/wp\/v2\/types\/post"}],"author":[{"embeddable":true,"href":"https:\/\/www.europesays.com\/pt\/wp-json\/wp\/v2\/users\/2"}],"replies":[{"embeddable":true,"href":"https:\/\/www.europesays.com\/pt\/wp-json\/wp\/v2\/comments?post=146436"}],"version-history":[{"count":0,"href":"https:\/\/www.europesays.com\/pt\/wp-json\/wp\/v2\/posts\/146436\/revisions"}],"wp:featuredmedia":[{"embeddable":true,"href":"https:\/\/www.europesays.com\/pt\/wp-json\/wp\/v2\/media\/146437"}],"wp:attachment":[{"href":"https:\/\/www.europesays.com\/pt\/wp-json\/wp\/v2\/media?parent=146436"}],"wp:term":[{"taxonomy":"category","embeddable":true,"href":"https:\/\/www.europesays.com\/pt\/wp-json\/wp\/v2\/categories?post=146436"},{"taxonomy":"post_tag","embeddable":true,"href":"https:\/\/www.europesays.com\/pt\/wp-json\/wp\/v2\/tags?post=146436"}],"curies":[{"name":"wp","href":"https:\/\/api.w.org\/{rel}","templated":true}]}}