{"id":146448,"date":"2025-11-10T11:45:16","date_gmt":"2025-11-10T11:45:16","guid":{"rendered":"https:\/\/www.europesays.com\/pt\/146448\/"},"modified":"2025-11-10T11:45:16","modified_gmt":"2025-11-10T11:45:16","slug":"semana-comeca-com-chuva-que-pode-ser-persistente-e-forte-observador","status":"publish","type":"post","link":"https:\/\/www.europesays.com\/pt\/146448\/","title":{"rendered":"Semana come\u00e7a com chuva que pode ser persistente e forte \u2013 Observador"},"content":{"rendered":"<p>A semana come\u00e7a com chuva, que pode ser persistente e forte em alguns locais e as temperaturas dever\u00e3o manter-se sem grandes varia\u00e7\u00f5es, disse \u00e0 Lusa Paula Leit\u00e3o, meteorologista do Instituto Portugu\u00eas do Mar e da Atmosfera (IPMA).<\/p>\n<p>\u201cVai ser uma semana em que vamos ter alguma chuva persistente, mas [ainda] \u00e9 uma situa\u00e7\u00e3o que tem algum grau de incerteza muito grande em rela\u00e7\u00e3o ao per\u00edodo em que vai haver mais chuva\u201d, indicou<\/p>\n<p>De acordo com Paula Leit\u00e3o, est\u00e3o em aproxima\u00e7\u00e3o algumas superf\u00edcies frontais, que ao aproximarem-se da Pen\u00ednsula Ib\u00e9rica podem ser bloqueadas pelo anticiclone que est\u00e1 sobre o continente.<\/p>\n<p>\u201cAs superf\u00edcies frontais come\u00e7am a dissipar e algumas conseguem passar para Portugal continental e outras sobre o mar e o momento em que vai haver mais precipita\u00e7\u00e3o ainda est\u00e1 dependente deste jogo de for\u00e7as com o anticiclone e com a sua capacidade de bloquear estas superf\u00edcies frontais\u201d, explicou.<\/p>\n<p>Segundo a meteorologista do IPMA, dever\u00e1 chover quase todos os dias da semana, mas com intensidade incerta.<\/p>\n<p>\u201cHoje [segunda-feira] j\u00e1 choveu durante a noite e a tend\u00eancia \u00e9 haver ainda alguma chuva fraca ao longo do dia de hoje, mas mais no norte e centro. Amanh\u00e3 [ter\u00e7a-feira] ao fim da tarde ser\u00e1 mais persistente e por vezes forte na regi\u00e3o do Minho, situa\u00e7\u00e3o que levou \u00e0 emiss\u00e3o de aviso amarelo\u201d, disse.<\/p>\n<p>De acordo com Paula Leit\u00e3o, <strong>est\u00e1 prevista agita\u00e7\u00e3o mar\u00edtima, o vento vai intensificar-se a partir de ter\u00e7a-feira,<\/strong> sendo de 80 quil\u00f3metros por hora nas terras altas, e <strong>as temperaturas n\u00e3o v\u00e3o sofrer altera\u00e7\u00f5es significativas<\/strong>.<\/p>\n<p>O Instituto Portugu\u00eas do Mar e da Atmosfera (IPMA) emitiu aviso amarelo para os distritos do Porto, Viana do Castelo, Leiria, Aveiro, Coimbra e Braga devido \u00e0 agita\u00e7\u00e3o mar\u00edtima. O aviso amarelo para estes seis distritos vai estar em vigor entre as 04h40 desta segunda-feira e as 15h00 de quarta-feira.<\/p>\n<p>O IPMA emitiu tamb\u00e9m aviso amarelo de chuva, por vezes forte e persistente, para o distrito do Porto (entre as 06h00 e as 17h00 de quarta-feira) e Viana do Castelo e Braga (entre as 18h00 de ter\u00e7a-feira e as 00h00 de quarta-feira e entre as 06h00 e as 17h00 de quarta-feira).<\/p>\n<p>Tamb\u00e9m o arquip\u00e9lago da Madeira vai estar sob aviso amarelo por causa da chuva, por vezes forte, com condi\u00e7\u00f5es favor\u00e1veis \u00e0 ocorr\u00eancia de trovoadas, entre as 00h00 e as 12h00 de quarta-feira.<\/p>\n<p>O IPMA emitiu tamb\u00e9m avisos amarelos para todas as ilhas dos A\u00e7ores at\u00e9 quarta-feira.<\/p>\n<p>Nas ilhas das Flores e do Corvo, que constituem o grupo Ocidental do arquip\u00e9lago, o aviso amarelo por vento (dire\u00e7\u00e3o de sudoeste, rodando para noroeste) \u00e9 v\u00e1lido entre as 11h00 locais (mais uma hora em Lisboa) e as 22h00 desta segunda-feira, por \u201cprecipita\u00e7\u00e3o por vezes forte, podendo ser acompanhada de trovoada\u201d, das 14h00 \u00e0s 17h00, e por agita\u00e7\u00e3o mar\u00edtima (ondas de noroeste, passando a norte), entre as 11h00 de ter\u00e7a-feira e as 11h00 de quarta-feira.<\/p>\n<p>Para o grupo Central (ilhas do Faial, Pico, S\u00e3o Jorge, Graciosa e Terceira), o aviso amarelo, por \u201cprecipita\u00e7\u00e3o por vezes forte, podendo ser acompanhada de trovoada\u201d, vigorar\u00e1 das 17h00 \u00e0s 23h00 desta segunda-feira. Pelo mesmo motivo, as ilhas de S\u00e3o Miguel e Santa Maria, no grupo Oriental a\u00e7oriano, v\u00e3o estar sob aviso amarelo, das 21h00 desta segunda-feira \u00e0s 07h00 de ter\u00e7a-feira.<\/p>\n<p>O aviso amarelo \u00e9 emitido pelo IPMA quando h\u00e1 uma situa\u00e7\u00e3o de risco para determinadas atividades dependentes da situa\u00e7\u00e3o meteorol\u00f3gica.<\/p>\n","protected":false},"excerpt":{"rendered":"A semana come\u00e7a com chuva, que pode ser persistente e forte em alguns locais e as temperaturas dever\u00e3o&hellip;\n","protected":false},"author":2,"featured_media":146449,"comment_status":"","ping_status":"","sticky":false,"template":"","format":"standard","meta":{"footnotes":""},"categories":[8],"tags":[27,28,442,15,16,14,350,25,26,21,22,606,12,13,19,20,57,32,23,24,33,58,17,18,29,30,31],"class_list":{"0":"post-146448","1":"post","2":"type-post","3":"status-publish","4":"format-standard","5":"has-post-thumbnail","7":"category-principais-noticias","8":"tag-breaking-news","9":"tag-breakingnews","10":"tag-ciu00eancia","11":"tag-featured-news","12":"tag-featurednews","13":"tag-headlines","14":"tag-ipma","15":"tag-latest-news","16":"tag-latestnews","17":"tag-main-news","18":"tag-mainnews","19":"tag-meteorologia","20":"tag-news","21":"tag-noticias","22":"tag-noticias-principais","23":"tag-noticiasprincipais","24":"tag-pau00eds","25":"tag-portugal","26":"tag-principais-noticias","27":"tag-principaisnoticias","28":"tag-pt","29":"tag-sociedade","30":"tag-top-stories","31":"tag-topstories","32":"tag-ultimas","33":"tag-ultimas-noticias","34":"tag-ultimasnoticias"},"share_on_mastodon":{"url":"https:\/\/pubeurope.com\/@pt\/115525237448411389","error":""},"_links":{"self":[{"href":"https:\/\/www.europesays.com\/pt\/wp-json\/wp\/v2\/posts\/146448","targetHints":{"allow":["GET"]}}],"collection":[{"href":"https:\/\/www.europesays.com\/pt\/wp-json\/wp\/v2\/posts"}],"about":[{"href":"https:\/\/www.europesays.com\/pt\/wp-json\/wp\/v2\/types\/post"}],"author":[{"embeddable":true,"href":"https:\/\/www.europesays.com\/pt\/wp-json\/wp\/v2\/users\/2"}],"replies":[{"embeddable":true,"href":"https:\/\/www.europesays.com\/pt\/wp-json\/wp\/v2\/comments?post=146448"}],"version-history":[{"count":0,"href":"https:\/\/www.europesays.com\/pt\/wp-json\/wp\/v2\/posts\/146448\/revisions"}],"wp:featuredmedia":[{"embeddable":true,"href":"https:\/\/www.europesays.com\/pt\/wp-json\/wp\/v2\/media\/146449"}],"wp:attachment":[{"href":"https:\/\/www.europesays.com\/pt\/wp-json\/wp\/v2\/media?parent=146448"}],"wp:term":[{"taxonomy":"category","embeddable":true,"href":"https:\/\/www.europesays.com\/pt\/wp-json\/wp\/v2\/categories?post=146448"},{"taxonomy":"post_tag","embeddable":true,"href":"https:\/\/www.europesays.com\/pt\/wp-json\/wp\/v2\/tags?post=146448"}],"curies":[{"name":"wp","href":"https:\/\/api.w.org\/{rel}","templated":true}]}}