{"id":146507,"date":"2025-11-10T12:33:15","date_gmt":"2025-11-10T12:33:15","guid":{"rendered":"https:\/\/www.europesays.com\/pt\/146507\/"},"modified":"2025-11-10T12:33:15","modified_gmt":"2025-11-10T12:33:15","slug":"todos-os-atores-confirmados-para-duna-parte-tres","status":"publish","type":"post","link":"https:\/\/www.europesays.com\/pt\/146507\/","title":{"rendered":"Todos os atores confirmados para &#8216;Duna: Parte Tr\u00eas&#8217;"},"content":{"rendered":"<p>\n                        Elenco re\u00fane estrelas dos dois primeiros filmes e novidades impactantes para o cap\u00edtulo final da trilogia de Denis Villeneuve\n                    <\/p>\n<ul class=\"article__header__author\">\n<li class=\"article__header__author__item\">\n                                                Por:<br \/>\n                                                                                    Kadu Soares (@soareskaa) \/ Rolling Stone Brasil\n                                                                        <\/li>\n<\/ul>\n<p class=\"text\">O aguardado filme Duna: Parte Tr\u00eas entra em est\u00e1gio avan\u00e7ado de produ\u00e7\u00e3o: o roteiro est\u00e1 finalizado, as filmagens principais come\u00e7aram no ver\u00e3o europeu de 2025 e a estreia foi marcada para 18 de dezembro de 2026.<\/p>\n<p><img loading=\"lazy\" decoding=\"async\" alt=\"Terceiro filme da saga traz Robert Pattinson ao universo e explora consequ\u00eancias do imp\u00e9rio de Paul Atreides 12 anos ap\u00f3s segundo cap\u00edtulo\" class=\"img-6138b18e01033f8376d31e172a221637nac6owe7\" height=\"435\" src=\"https:\/\/www.europesays.com\/pt\/wp-content\/uploads\/2025\/11\/975300648-duna-parte-dois-warner-bros-rolling-stone-scaled.jpg\"  title=\"Terceiro filme da saga traz Robert Pattinson ao universo e explora consequ\u00eancias do imp\u00e9rio de Paul Atreides 12 anos ap\u00f3s segundo cap\u00edtulo\" width=\"774\"\/><\/p>\n<p>Terceiro filme da saga traz Robert Pattinson ao universo e explora consequ\u00eancias do imp\u00e9rio de Paul Atreides 12 anos ap\u00f3s segundo cap\u00edtulo<\/p>\n<p>Foto: Reprodu\u00e7\u00e3o\/Warner Bros \/ Rolling Stone Brasil<\/p>\n<p class=\"text\">Neste cap\u00edtulo final, a trama se passa cerca de 12 anos ap\u00f3s os eventos de <strong>Duna: Parte Dois<\/strong> (2024), e acompanha o imperador <strong>Paul Atreides<\/strong> enquanto enfrenta as consequ\u00eancias de seu poder e as in\u00fameras for\u00e7as que buscam derrub\u00e1-lo.<\/p>\n<p class=\"text\">O pr\u00f3prio <strong>Denis Villeneuve<\/strong>, diretor do longa, confirmou que s\u00f3 seguiria adiante com o terceiro filme se acreditasse que o roteiro realmente superaria o anterior.<\/p>\n<p class=\"text\">Al\u00e9m da <strong>Guilda Espacial<\/strong>, <strong>Bene Gesserit<\/strong> e das corpora\u00e7\u00f5es, o filme promete explorar pol\u00edtica, f\u00e9 e legado, mantendo os temas centrais dos livros de <strong>Frank Herbert<\/strong> e trazendo um tom mais sombrio do que as partes anteriores.<\/p>\n<p class=\"text\">O que torna o an\u00fancio de elenco ainda mais relevante \u00e9 que ele mistura nomes que j\u00e1 consolidaram seus personagens na franquia com adi\u00e7\u00f5es que trazem surpresa \u2014 o que reacende o interesse pelo andamento da produ\u00e7\u00e3o e pelo destino de cada pe\u00e7a desse universo.<\/p>\n<p class=\"text\">\n<p class=\"text\">O contingente principal dos filmes anteriores est\u00e1 de volta: Timoth\u00e9e Chalamet interpreta <strong>Paul Atreides<\/strong>, Zendaya volta como <strong>Chani<\/strong>, Florence Pugh assume novamente <strong>Irulan<\/strong>, Jason Momoa retorna como <strong>Duncan Idaho<\/strong>, Josh Brolin continua como <strong>Gurney Halleck<\/strong>, Rebecca Ferguson repete <strong>Lady Jessica<\/strong> e Anya Taylor-Joy como <strong>Alia Atreides<\/strong>.<\/p>\n<p class=\"text\">A maior novidade anunciada \u00e9 Robert Pattinson, que se junta ao elenco e deve interpretar um dos antagonistas principais. Al\u00e9m disso, novos rostos tamb\u00e9m se somam ao universo: <strong>Nakoa-Wolf Momoa<\/strong> e <strong>Ida Brooke<\/strong> foram convocados para interpretar os filhos g\u00eameos de <strong>Paul<\/strong> e <strong>Chani,<\/strong> <strong>Leto II<\/strong> e <strong>Ghanima<\/strong>, respectivamente, segundo an\u00fancio oficial.<\/p>\n<p class=\"text\">Com or\u00e7amento elevado, filmagem em pel\u00edcula e uso de c\u00e2meras IMAX para parte das cenas, a produ\u00e7\u00e3o refor\u00e7a que se trata de uma opera\u00e7\u00e3o cinematogr\u00e1fica de grande escala.<\/p>\n<p class=\"text\">O resultado esperado \u00e9 que <strong>Duna: Parte Tr\u00eas<\/strong> encerre com dignidade e coer\u00eancia uma das sagas de fic\u00e7\u00e3o cient\u00edfica mais ambiciosas dos \u00faltimos anos, e que abra caminho para poss\u00edveis desdobramentos desse universo no futuro.<\/p>\n","protected":false},"excerpt":{"rendered":"Elenco re\u00fane estrelas dos dois primeiros filmes e novidades impactantes para o cap\u00edtulo final da trilogia de Denis&hellip;\n","protected":false},"author":2,"featured_media":146508,"comment_status":"","ping_status":"","sticky":false,"template":"","format":"standard","meta":{"footnotes":""},"categories":[140],"tags":[114,115,147,148,146,32,33],"class_list":{"0":"post-146507","1":"post","2":"type-post","3":"status-publish","4":"format-standard","5":"has-post-thumbnail","7":"category-filmes","8":"tag-entertainment","9":"tag-entretenimento","10":"tag-film","11":"tag-filmes","12":"tag-movies","13":"tag-portugal","14":"tag-pt"},"share_on_mastodon":{"url":"https:\/\/pubeurope.com\/@pt\/115525425972361046","error":""},"_links":{"self":[{"href":"https:\/\/www.europesays.com\/pt\/wp-json\/wp\/v2\/posts\/146507","targetHints":{"allow":["GET"]}}],"collection":[{"href":"https:\/\/www.europesays.com\/pt\/wp-json\/wp\/v2\/posts"}],"about":[{"href":"https:\/\/www.europesays.com\/pt\/wp-json\/wp\/v2\/types\/post"}],"author":[{"embeddable":true,"href":"https:\/\/www.europesays.com\/pt\/wp-json\/wp\/v2\/users\/2"}],"replies":[{"embeddable":true,"href":"https:\/\/www.europesays.com\/pt\/wp-json\/wp\/v2\/comments?post=146507"}],"version-history":[{"count":0,"href":"https:\/\/www.europesays.com\/pt\/wp-json\/wp\/v2\/posts\/146507\/revisions"}],"wp:featuredmedia":[{"embeddable":true,"href":"https:\/\/www.europesays.com\/pt\/wp-json\/wp\/v2\/media\/146508"}],"wp:attachment":[{"href":"https:\/\/www.europesays.com\/pt\/wp-json\/wp\/v2\/media?parent=146507"}],"wp:term":[{"taxonomy":"category","embeddable":true,"href":"https:\/\/www.europesays.com\/pt\/wp-json\/wp\/v2\/categories?post=146507"},{"taxonomy":"post_tag","embeddable":true,"href":"https:\/\/www.europesays.com\/pt\/wp-json\/wp\/v2\/tags?post=146507"}],"curies":[{"name":"wp","href":"https:\/\/api.w.org\/{rel}","templated":true}]}}