{"id":146523,"date":"2025-11-10T12:45:28","date_gmt":"2025-11-10T12:45:28","guid":{"rendered":"https:\/\/www.europesays.com\/pt\/146523\/"},"modified":"2025-11-10T12:45:28","modified_gmt":"2025-11-10T12:45:28","slug":"dylan-arrasa-leandro-nao-vais-rebaixar-ninguem-aqui-dentro-secret-story","status":"publish","type":"post","link":"https:\/\/www.europesays.com\/pt\/146523\/","title":{"rendered":"Dylan arrasa Leandro: \u00abN\u00e3o vais rebaixar ningu\u00e9m aqui dentro\u00bb &#8211; Secret Story"},"content":{"rendered":"<p>No <strong>Secret Story 9<\/strong>,\u00a0ap\u00f3s mais uma gala de muitas emo\u00e7\u00f5es, a Voz reuniu os concorrentes na sala para dar in\u00edcio \u00e0 cadeira quente. Dylan passa-se com a postura de Leandro. Segundo o concorrente, este pensava que ia conseguir chegar ao pr\u00e9mio final de forma f\u00e1cil, mas est\u00e1 agora a perceber que todos t\u00eam o mesmo objetivo.<\/p>\n<p><strong>Veja tamb\u00e9m: <a href=\"https:\/\/tvi.iol.pt\/secretstory\/inscricoes\/casa-dos-segredos\/e-destemido-e-adora-misterios-inscreva-se-aqui-no-proximo-secret-story\" rel=\"nofollow noopener\" target=\"_blank\">\u00c9 destemido e adora mist\u00e9rios? Inscreva-se aqui no pr\u00f3ximo Secret Story<\/a><\/strong><\/p>\n<p><strong><a href=\"https:\/\/tvi.iol.pt\/secretstory\/aominuto\" rel=\"nofollow noopener\" target=\"_blank\">Acompanhe tudo o que se passa na casa mais vigiada do Pa\u00eds<\/a><\/strong><\/p>\n","protected":false},"excerpt":{"rendered":"No Secret Story 9,\u00a0ap\u00f3s mais uma gala de muitas emo\u00e7\u00f5es, a Voz reuniu os concorrentes na sala para&hellip;\n","protected":false},"author":2,"featured_media":146524,"comment_status":"","ping_status":"","sticky":false,"template":"","format":"standard","meta":{"footnotes":""},"categories":[142],"tags":[19105,114,115,19033,12397,19034,32,33,151,19032],"class_list":{"0":"post-146523","1":"post","2":"type-post","3":"status-publish","4":"format-standard","5":"has-post-thumbnail","7":"category-tv","8":"tag-dylan","9":"tag-entertainment","10":"tag-entretenimento","11":"tag-galas-em-video","12":"tag-leandro","13":"tag-melhores-momentos-casa-dos-segredos","14":"tag-portugal","15":"tag-pt","16":"tag-tv","17":"tag-videos-secret-story-tvi"},"share_on_mastodon":{"url":"https:\/\/pubeurope.com\/@pt\/115525472917307760","error":""},"_links":{"self":[{"href":"https:\/\/www.europesays.com\/pt\/wp-json\/wp\/v2\/posts\/146523","targetHints":{"allow":["GET"]}}],"collection":[{"href":"https:\/\/www.europesays.com\/pt\/wp-json\/wp\/v2\/posts"}],"about":[{"href":"https:\/\/www.europesays.com\/pt\/wp-json\/wp\/v2\/types\/post"}],"author":[{"embeddable":true,"href":"https:\/\/www.europesays.com\/pt\/wp-json\/wp\/v2\/users\/2"}],"replies":[{"embeddable":true,"href":"https:\/\/www.europesays.com\/pt\/wp-json\/wp\/v2\/comments?post=146523"}],"version-history":[{"count":0,"href":"https:\/\/www.europesays.com\/pt\/wp-json\/wp\/v2\/posts\/146523\/revisions"}],"wp:featuredmedia":[{"embeddable":true,"href":"https:\/\/www.europesays.com\/pt\/wp-json\/wp\/v2\/media\/146524"}],"wp:attachment":[{"href":"https:\/\/www.europesays.com\/pt\/wp-json\/wp\/v2\/media?parent=146523"}],"wp:term":[{"taxonomy":"category","embeddable":true,"href":"https:\/\/www.europesays.com\/pt\/wp-json\/wp\/v2\/categories?post=146523"},{"taxonomy":"post_tag","embeddable":true,"href":"https:\/\/www.europesays.com\/pt\/wp-json\/wp\/v2\/tags?post=146523"}],"curies":[{"name":"wp","href":"https:\/\/api.w.org\/{rel}","templated":true}]}}