{"id":146534,"date":"2025-11-10T13:00:23","date_gmt":"2025-11-10T13:00:23","guid":{"rendered":"https:\/\/www.europesays.com\/pt\/146534\/"},"modified":"2025-11-10T13:00:23","modified_gmt":"2025-11-10T13:00:23","slug":"avancado-regressa-a-lisboa-de-muletas","status":"publish","type":"post","link":"https:\/\/www.europesays.com\/pt\/146534\/","title":{"rendered":"avan\u00e7ado regressa a Lisboa de muletas"},"content":{"rendered":"<p>&#8211; Advertisement &#8211;<\/p>\n<p><strong>Fotis Ioannidis regressou a Lisboa de muletas e lesionou-se no encontro entre o Sporting e o Santa Clara, para a Primeira Liga.<\/strong><\/p>\n<p>Fotis Ioannidis foi filmado de muletas no seu regresso a Lisboa. O jogador saiu condicionado do encontro entre o Sporting e o Santa Clara. Ainda n\u00e3o h\u00e1 informa\u00e7\u00f5es sobre uma poss\u00edvel les\u00e3o do internacional grego, com os le\u00f5es a atualizarem o boletim cl\u00ednico nas pr\u00f3ximas horas.<\/p>\n<p>O jogador corre o risco de falhar os pr\u00f3ximos compromissos da Gr\u00e9cia e poder\u00e1 ficar em Alcochete para recuperar de uma hipot\u00e9tica les\u00e3o. Fotis Ioannidis leva esta temporada 13 encontros, com quatro golos marcados e tr\u00eas assist\u00eancias.<\/p>\n<p><a href=\"https:\/\/bolanarede.pt\/especial-bola-na-rede\/atualidade\/eis-o-tempo-estimado-de-paragem-para-pedro-goncalves-apos-lesao-benfica-x-sporting-em-risco\/\" target=\"_blank\" rel=\"noreferrer noopener nofollow\">Pedro Gon\u00e7alves tamb\u00e9m saiu lesionado da partida realizada nos A\u00e7ores<\/a>.<\/p>\n","protected":false},"excerpt":{"rendered":"&#8211; Advertisement &#8211; Fotis Ioannidis regressou a Lisboa de muletas e lesionou-se no encontro entre o Sporting e&hellip;\n","protected":false},"author":2,"featured_media":132306,"comment_status":"","ping_status":"","sticky":false,"template":"","format":"standard","meta":{"footnotes":""},"categories":[8],"tags":[260,27,28,478,15,16,12942,14,25,26,21,22,12,13,19,20,32,479,23,24,33,34,17,18,29,30,31],"class_list":{"0":"post-146534","1":"post","2":"type-post","3":"status-publish","4":"format-standard","5":"has-post-thumbnail","7":"category-principais-noticias","8":"tag-atualidade","9":"tag-breaking-news","10":"tag-breakingnews","11":"tag-destaques-bnr","12":"tag-featured-news","13":"tag-featurednews","14":"tag-fotis-ioannidis","15":"tag-headlines","16":"tag-latest-news","17":"tag-latestnews","18":"tag-main-news","19":"tag-mainnews","20":"tag-news","21":"tag-noticias","22":"tag-noticias-principais","23":"tag-noticiasprincipais","24":"tag-portugal","25":"tag-primeira-liga","26":"tag-principais-noticias","27":"tag-principaisnoticias","28":"tag-pt","29":"tag-sporting","30":"tag-top-stories","31":"tag-topstories","32":"tag-ultimas","33":"tag-ultimas-noticias","34":"tag-ultimasnoticias"},"share_on_mastodon":{"url":"https:\/\/pubeurope.com\/@pt\/115525532076522988","error":""},"_links":{"self":[{"href":"https:\/\/www.europesays.com\/pt\/wp-json\/wp\/v2\/posts\/146534","targetHints":{"allow":["GET"]}}],"collection":[{"href":"https:\/\/www.europesays.com\/pt\/wp-json\/wp\/v2\/posts"}],"about":[{"href":"https:\/\/www.europesays.com\/pt\/wp-json\/wp\/v2\/types\/post"}],"author":[{"embeddable":true,"href":"https:\/\/www.europesays.com\/pt\/wp-json\/wp\/v2\/users\/2"}],"replies":[{"embeddable":true,"href":"https:\/\/www.europesays.com\/pt\/wp-json\/wp\/v2\/comments?post=146534"}],"version-history":[{"count":0,"href":"https:\/\/www.europesays.com\/pt\/wp-json\/wp\/v2\/posts\/146534\/revisions"}],"wp:featuredmedia":[{"embeddable":true,"href":"https:\/\/www.europesays.com\/pt\/wp-json\/wp\/v2\/media\/132306"}],"wp:attachment":[{"href":"https:\/\/www.europesays.com\/pt\/wp-json\/wp\/v2\/media?parent=146534"}],"wp:term":[{"taxonomy":"category","embeddable":true,"href":"https:\/\/www.europesays.com\/pt\/wp-json\/wp\/v2\/categories?post=146534"},{"taxonomy":"post_tag","embeddable":true,"href":"https:\/\/www.europesays.com\/pt\/wp-json\/wp\/v2\/tags?post=146534"}],"curies":[{"name":"wp","href":"https:\/\/api.w.org\/{rel}","templated":true}]}}