{"id":146537,"date":"2025-11-10T13:07:02","date_gmt":"2025-11-10T13:07:02","guid":{"rendered":"https:\/\/www.europesays.com\/pt\/146537\/"},"modified":"2025-11-10T13:07:02","modified_gmt":"2025-11-10T13:07:02","slug":"dylan-responde-a-acusacoes-sobre-a-sua-relacao-com-ines-o-meu-jogo-vai-mudar-zero-secret-story","status":"publish","type":"post","link":"https:\/\/www.europesays.com\/pt\/146537\/","title":{"rendered":"Dylan responde a acusa\u00e7\u00f5es sobre a sua rela\u00e7\u00e3o com In\u00eas: \u00abO meu jogo vai mudar zero\u00bb &#8211; Secret Story"},"content":{"rendered":"<p>No <strong>Secret Story 9<\/strong>,\u00a0ap\u00f3s mais uma gala de muitas emo\u00e7\u00f5es, a Voz reuniu os concorrentes na sala para dar in\u00edcio \u00e0 cadeira quente. Dylan recebe alguns coment\u00e1rios sobre a sua postura no jogo, agora que est\u00e1 pr\u00f3ximo de In\u00eas. O concorrente garante que a sua postura n\u00e3o vai mudar no programa.<\/p>\n<p><strong>Veja tamb\u00e9m: <a href=\"https:\/\/tvi.iol.pt\/secretstory\/inscricoes\/casa-dos-segredos\/e-destemido-e-adora-misterios-inscreva-se-aqui-no-proximo-secret-story\" rel=\"nofollow noopener\" target=\"_blank\">\u00c9 destemido e adora mist\u00e9rios? Inscreva-se aqui no pr\u00f3ximo Secret Story<\/a><\/strong><\/p>\n<p><strong><a href=\"https:\/\/tvi.iol.pt\/secretstory\/aominuto\" rel=\"nofollow noopener\" target=\"_blank\">Acompanhe tudo o que se passa na casa mais vigiada do Pa\u00eds<\/a><\/strong><\/p>\n","protected":false},"excerpt":{"rendered":"No Secret Story 9,\u00a0ap\u00f3s mais uma gala de muitas emo\u00e7\u00f5es, a Voz reuniu os concorrentes na sala para&hellip;\n","protected":false},"author":2,"featured_media":146538,"comment_status":"","ping_status":"","sticky":false,"template":"","format":"standard","meta":{"footnotes":""},"categories":[142],"tags":[19105,114,115,19033,15353,19034,32,33,151,19032],"class_list":{"0":"post-146537","1":"post","2":"type-post","3":"status-publish","4":"format-standard","5":"has-post-thumbnail","7":"category-tv","8":"tag-dylan","9":"tag-entertainment","10":"tag-entretenimento","11":"tag-galas-em-video","12":"tag-ines","13":"tag-melhores-momentos-casa-dos-segredos","14":"tag-portugal","15":"tag-pt","16":"tag-tv","17":"tag-videos-secret-story-tvi"},"share_on_mastodon":{"url":"https:\/\/pubeurope.com\/@pt\/115525559438297823","error":""},"_links":{"self":[{"href":"https:\/\/www.europesays.com\/pt\/wp-json\/wp\/v2\/posts\/146537","targetHints":{"allow":["GET"]}}],"collection":[{"href":"https:\/\/www.europesays.com\/pt\/wp-json\/wp\/v2\/posts"}],"about":[{"href":"https:\/\/www.europesays.com\/pt\/wp-json\/wp\/v2\/types\/post"}],"author":[{"embeddable":true,"href":"https:\/\/www.europesays.com\/pt\/wp-json\/wp\/v2\/users\/2"}],"replies":[{"embeddable":true,"href":"https:\/\/www.europesays.com\/pt\/wp-json\/wp\/v2\/comments?post=146537"}],"version-history":[{"count":0,"href":"https:\/\/www.europesays.com\/pt\/wp-json\/wp\/v2\/posts\/146537\/revisions"}],"wp:featuredmedia":[{"embeddable":true,"href":"https:\/\/www.europesays.com\/pt\/wp-json\/wp\/v2\/media\/146538"}],"wp:attachment":[{"href":"https:\/\/www.europesays.com\/pt\/wp-json\/wp\/v2\/media?parent=146537"}],"wp:term":[{"taxonomy":"category","embeddable":true,"href":"https:\/\/www.europesays.com\/pt\/wp-json\/wp\/v2\/categories?post=146537"},{"taxonomy":"post_tag","embeddable":true,"href":"https:\/\/www.europesays.com\/pt\/wp-json\/wp\/v2\/tags?post=146537"}],"curies":[{"name":"wp","href":"https:\/\/api.w.org\/{rel}","templated":true}]}}