{"id":146539,"date":"2025-11-10T13:11:07","date_gmt":"2025-11-10T13:11:07","guid":{"rendered":"https:\/\/www.europesays.com\/pt\/146539\/"},"modified":"2025-11-10T13:11:07","modified_gmt":"2025-11-10T13:11:07","slug":"star-wars-rian-johnson-faz-campanha-por-the-hunt-for-ben-solo","status":"publish","type":"post","link":"https:\/\/www.europesays.com\/pt\/146539\/","title":{"rendered":"Star Wars | Rian Johnson faz campanha por The Hunt for Ben Solo"},"content":{"rendered":"<p>O diretor\u00a0<strong>Rian Johnson<\/strong>, que comandou Os \u00daltimos Jedi, entrou para a campanha pela realiza\u00e7\u00e3o de\u00a0<strong>The Hunt for Ben Solo<\/strong>,\u00a0filme de\u00a0<strong>Star Wars\u00a0<\/strong>focado em Kylo Ren. As declara\u00e7\u00f5es do cineasta surgiram em entrevista ao <a data-analytics-id=\"inline-link\" data-hl-processed=\"none\" data-url=\"https:\/\/youtu.be\/BO_pqT6KV2o\" href=\"https:\/\/youtu.be\/BO_pqT6KV2o\" rel=\"noopener nofollow\" target=\"_blank\">Radio Andy<\/a>.<\/p>\n<p>&#8220;Eu quero ver Adam Driver em outro filme de Star Wars, cara&#8221;, disse o diretor. Logo ap\u00f3s a declara\u00e7\u00e3o, as redes sociais foram tomadas por f\u00e3s de Star Wars que pedem pela produ\u00e7\u00e3o do filme. &#8220;A gal\u00e1xia ainda aguarda pelo arco de reden\u00e7\u00e3o&#8221;, disse um f\u00e3. Entretanto, at\u00e9 o momento, o projeto segue engavetado pela\u00a0<strong>Disney<\/strong>.<\/p>\n<p>            Continua depois da Publicidade<\/p>\n<p>    Tudo sobre The Hunt for Ben Solo<\/p>\n<p>Tudo come\u00e7ou quando o astro\u00a0<strong>Adam Driver\u00a0<\/strong>afirmou que gostaria de retornar a franquia, mas a ideia n\u00e3o pegou tra\u00e7\u00e3o. &#8220;Sempre me interessei em fazer outro Star Wars&#8221;,\u00a0disse o ator.\u00a0&#8220;Eu vinha falando em fazer outro filme desde 2021. Katheleen (Kennedy) me procurou. Eu sempre dizia: com um \u00f3timo diretor e uma \u00f3tima hist\u00f3ria, eu estaria l\u00e1 em um segundo. Eu amava aquele personagem e adorava interpret\u00e1-lo&#8221;.\u00a0<\/p>\n<p>Driver disse que levou um conceito para Soderbergh que o filme se passaria depois do Epis\u00f3dio IX, que termina com Kylo Ren, tamb\u00e9m conhecido como Ben Solo, tendo sua reden\u00e7\u00e3o e uma aparente morte. Segundo o ator, ele tinha iniciado a trilogia com um arco em mente que Kylo Ren seria um &#8220;Darth Vader reverso&#8221;, se tornando um Jedi mais uma vez.<\/p>\n<p>Entretanto, as coisas n\u00e3o acabaram dessa forma, e por isso, ele sentia que faltava algo para fazer com o personagem. Soderbergh e\u00a0<strong>Rebecca Blunt\u00a0<\/strong>fizeram um argumento para o filme e o trio apresentou para Kennedy e a\u00a0<strong>Dave Filoni<\/strong>. Eles teriam se interessado, e ent\u00e3o chamaram\u00a0<strong>Scott Z. Burns\u00a0<\/strong>para escrever o roteiro.\u00a0<\/p>\n<p>            Continua depois da Publicidade<\/p>\n<p>Driver descreveu como\u00a0&#8220;um dos roteiros mais legais que eu j\u00e1 paticipei&#8221;.\u00a0Contudo, a Disney n\u00e3o gostou da ideia.\u00a0&#8220;&#8221;Apresentamos o roteiro \u00e0 Lucasfilm. Eles adoraram a ideia. Entenderam perfeitamente o nosso ponto de vista e o motivo pelo qual est\u00e1vamos fazendo aquilo&#8221;, diz Driver. &#8220;Levamos o roteiro para Bob Iger e Alan Bergman, e eles disseram n\u00e3o. Eles n\u00e3o viam como Ben Solo estava vivo. E foi isso.&#8221;<\/p>\n<p>&#8220;Chamava-se A Ca\u00e7ada por Ben Solo e era muito legal&#8221;, acrescenta Driver. &#8220;Mas n\u00e3o existe mais, ent\u00e3o finalmente posso falar sobre ele.&#8221; Soderbergh, em um comunicado, disse: &#8220;Gostei muito de fazer o filme na minha cabe\u00e7a. S\u00f3 lamento que os f\u00e3s n\u00e3o possam assisti-lo.&#8221;<\/p>\n","protected":false},"excerpt":{"rendered":"O diretor\u00a0Rian Johnson, que comandou Os \u00daltimos Jedi, entrou para a campanha pela realiza\u00e7\u00e3o de\u00a0The Hunt for Ben&hellip;\n","protected":false},"author":2,"featured_media":146540,"comment_status":"","ping_status":"","sticky":false,"template":"","format":"standard","meta":{"footnotes":""},"categories":[140],"tags":[114,115,147,148,146,32,33],"class_list":{"0":"post-146539","1":"post","2":"type-post","3":"status-publish","4":"format-standard","5":"has-post-thumbnail","7":"category-filmes","8":"tag-entertainment","9":"tag-entretenimento","10":"tag-film","11":"tag-filmes","12":"tag-movies","13":"tag-portugal","14":"tag-pt"},"share_on_mastodon":{"url":"https:\/\/pubeurope.com\/@pt\/115525575193926171","error":""},"_links":{"self":[{"href":"https:\/\/www.europesays.com\/pt\/wp-json\/wp\/v2\/posts\/146539","targetHints":{"allow":["GET"]}}],"collection":[{"href":"https:\/\/www.europesays.com\/pt\/wp-json\/wp\/v2\/posts"}],"about":[{"href":"https:\/\/www.europesays.com\/pt\/wp-json\/wp\/v2\/types\/post"}],"author":[{"embeddable":true,"href":"https:\/\/www.europesays.com\/pt\/wp-json\/wp\/v2\/users\/2"}],"replies":[{"embeddable":true,"href":"https:\/\/www.europesays.com\/pt\/wp-json\/wp\/v2\/comments?post=146539"}],"version-history":[{"count":0,"href":"https:\/\/www.europesays.com\/pt\/wp-json\/wp\/v2\/posts\/146539\/revisions"}],"wp:featuredmedia":[{"embeddable":true,"href":"https:\/\/www.europesays.com\/pt\/wp-json\/wp\/v2\/media\/146540"}],"wp:attachment":[{"href":"https:\/\/www.europesays.com\/pt\/wp-json\/wp\/v2\/media?parent=146539"}],"wp:term":[{"taxonomy":"category","embeddable":true,"href":"https:\/\/www.europesays.com\/pt\/wp-json\/wp\/v2\/categories?post=146539"},{"taxonomy":"post_tag","embeddable":true,"href":"https:\/\/www.europesays.com\/pt\/wp-json\/wp\/v2\/tags?post=146539"}],"curies":[{"name":"wp","href":"https:\/\/api.w.org\/{rel}","templated":true}]}}