{"id":146551,"date":"2025-11-10T13:19:07","date_gmt":"2025-11-10T13:19:07","guid":{"rendered":"https:\/\/www.europesays.com\/pt\/146551\/"},"modified":"2025-11-10T13:19:07","modified_gmt":"2025-11-10T13:19:07","slug":"golega-homem-esfaqueado-na-feira-nacional-do-cavalo-observador","status":"publish","type":"post","link":"https:\/\/www.europesays.com\/pt\/146551\/","title":{"rendered":"Goleg\u00e3. Homem esfaqueado na Feira Nacional do Cavalo \u2013 Observador"},"content":{"rendered":"<p>Um homem, com idade entre os 30 e os 35 anos, foi esfaqueado na madrugada desta segunda-feira na Feira Nacional do Cavalo, na Goleg\u00e3, sofrendo ferimentos considerados graves, avan\u00e7ou o Correio da Manh\u00e3 e confirmou o Observador junto de fonte oficial do Comando Distrital da GNR de Santar\u00e9m.<\/p>\n<p>O alerta chegou aos Bombeiros Volunt\u00e1rios da Goleg\u00e3 entre as 03h30 e as 04h00, ap\u00f3s o homem ter sido encontrado por militares da GNR na zona envolvente ao recinto da feira, de acordo com o <a href=\"https:\/\/noticiasdosorraia.sapo.pt\/homem-esfaqueado-esta-madrugada-na-feira-da-golega\/\" rel=\"nofollow noopener\" target=\"_blank\">Not\u00edcias do Sorraia<\/a>. A v\u00edtima foi transportada para o Hospital de Abrantes.<\/p>\n<p>As circunst\u00e2ncias do ataque ainda n\u00e3o foram esclarecidas e o caso est\u00e1 agora sob a al\u00e7ada da Pol\u00edcia Judici\u00e1ria.<\/p>\n","protected":false},"excerpt":{"rendered":"Um homem, com idade entre os 30 e os 35 anos, foi esfaqueado na madrugada desta segunda-feira na&hellip;\n","protected":false},"author":2,"featured_media":3872,"comment_status":"","ping_status":"","sticky":false,"template":"","format":"standard","meta":{"footnotes":""},"categories":[8],"tags":[27,28,604,15,16,2002,14,25,26,21,22,12,13,19,20,57,2003,32,23,24,33,14951,2004,58,17,18,29,30,31],"class_list":{"0":"post-146551","1":"post","2":"type-post","3":"status-publish","4":"format-standard","5":"has-post-thumbnail","7":"category-principais-noticias","8":"tag-breaking-news","9":"tag-breakingnews","10":"tag-crime","11":"tag-featured-news","12":"tag-featurednews","13":"tag-gnr","14":"tag-headlines","15":"tag-latest-news","16":"tag-latestnews","17":"tag-main-news","18":"tag-mainnews","19":"tag-news","20":"tag-noticias","21":"tag-noticias-principais","22":"tag-noticiasprincipais","23":"tag-pau00eds","24":"tag-polu00edcia","25":"tag-portugal","26":"tag-principais-noticias","27":"tag-principaisnoticias","28":"tag-pt","29":"tag-santaru00e9m","30":"tag-seguranu00e7a","31":"tag-sociedade","32":"tag-top-stories","33":"tag-topstories","34":"tag-ultimas","35":"tag-ultimas-noticias","36":"tag-ultimasnoticias"},"share_on_mastodon":{"url":"https:\/\/pubeurope.com\/@pt\/115525606875285074","error":""},"_links":{"self":[{"href":"https:\/\/www.europesays.com\/pt\/wp-json\/wp\/v2\/posts\/146551","targetHints":{"allow":["GET"]}}],"collection":[{"href":"https:\/\/www.europesays.com\/pt\/wp-json\/wp\/v2\/posts"}],"about":[{"href":"https:\/\/www.europesays.com\/pt\/wp-json\/wp\/v2\/types\/post"}],"author":[{"embeddable":true,"href":"https:\/\/www.europesays.com\/pt\/wp-json\/wp\/v2\/users\/2"}],"replies":[{"embeddable":true,"href":"https:\/\/www.europesays.com\/pt\/wp-json\/wp\/v2\/comments?post=146551"}],"version-history":[{"count":0,"href":"https:\/\/www.europesays.com\/pt\/wp-json\/wp\/v2\/posts\/146551\/revisions"}],"wp:featuredmedia":[{"embeddable":true,"href":"https:\/\/www.europesays.com\/pt\/wp-json\/wp\/v2\/media\/3872"}],"wp:attachment":[{"href":"https:\/\/www.europesays.com\/pt\/wp-json\/wp\/v2\/media?parent=146551"}],"wp:term":[{"taxonomy":"category","embeddable":true,"href":"https:\/\/www.europesays.com\/pt\/wp-json\/wp\/v2\/categories?post=146551"},{"taxonomy":"post_tag","embeddable":true,"href":"https:\/\/www.europesays.com\/pt\/wp-json\/wp\/v2\/tags?post=146551"}],"curies":[{"name":"wp","href":"https:\/\/api.w.org\/{rel}","templated":true}]}}