{"id":146552,"date":"2025-11-10T13:20:08","date_gmt":"2025-11-10T13:20:08","guid":{"rendered":"https:\/\/www.europesays.com\/pt\/146552\/"},"modified":"2025-11-10T13:20:08","modified_gmt":"2025-11-10T13:20:08","slug":"wagner-moura-pegou-dicas-com-fernanda-torres-para-oscar-09-11-2025-ilustrada","status":"publish","type":"post","link":"https:\/\/www.europesays.com\/pt\/146552\/","title":{"rendered":"Wagner Moura pegou dicas com Fernanda Torres para Oscar &#8211; 09\/11\/2025 &#8211; Ilustrada"},"content":{"rendered":"<p>O ator <a href=\"https:\/\/www1.folha.uol.com.br\/folha-topicos\/wagner-moura\/\" rel=\"nofollow noopener\" target=\"\">Wagner Moura<\/a>, protagonista do filme<a href=\"https:\/\/www1.folha.uol.com.br\/folha-topicos\/o-agente-secreto\/\" rel=\"nofollow noopener\" target=\"\"> &#8220;O Agente Secreto&#8221;<\/a>, afirma que j\u00e1 est\u00e1 se preparando para a campanha do filme ao Oscar, premia\u00e7\u00e3o na qual ele pode ser indicado ao pr\u00eamio de melhor ator.<\/p>\n<p>&#8220;\u00c9 um filme sobre um homem que resolve se manter fiel a seus valores quando tudo que est\u00e1 em volta dele diz o contr\u00e1rio&#8221;, afirmou o artista, em entrevista ao Fant\u00e1stico, da TV Globo. &#8220;Conversei com Waltinho [Walter Salles], com aquela sabedoria dele que me orienta muito. Falei tamb\u00e9m com Nanda [Fernanda Torres]. Estou com g\u00e1s para a campanha.&#8221;<\/p>\n<p>Dirigido por <a href=\"https:\/\/www1.folha.uol.com.br\/folha-topicos\/kleber-mendonca-filho\/\" rel=\"nofollow noopener\" target=\"\">Kleber Mendon\u00e7a Filho<\/a>, &#8220;O Agente Secreto&#8221; \u00e9 um thriller que se passa em dois tempos, mas a a\u00e7\u00e3o principal acontece em 1977, durante a ditadura militar. No tempo atual, duas pesquisadoras ouvem fitas cassetes com conversas gravadas dos personagens daquela \u00e9poca e tentam desvendar o destino de Marcelo, personagem de Wagner Moura que chega a Recife dirigindo um Fusca amarelo no meio de um carnaval.<\/p>\n<p>Em Recife, Marcelo se junta a um grupo de refugiados ap\u00f3s ser amea\u00e7ado de morte por um empres\u00e1rio ligado ao governo. Com outra identidade, ele busca respostas do seu passado e luta para sobreviver. A produ\u00e7\u00e3o foi a escolhida do pa\u00eds para tentar vaga no Oscar 2026.<\/p>\n<p>Em maio, Mendon\u00e7a Filho saiu vencedor do Festival de Cannes, com o trof\u00e9u de melhor dire\u00e7\u00e3o pelo filme, e Moura foi laureado no mesmo evento com a premia\u00e7\u00e3o de melhor ator, consagra\u00e7\u00f5es que atra\u00edram ainda mais aten\u00e7\u00e3o internacional para o longa.<\/p>\n<p>Durante a entrevista com a jornalista Maju Coutinho, Moura relembrou o capit\u00e3o Nascimento, protagonista do filme &#8220;Tropa de Elite&#8221;, um de seus principais pap\u00e9is no cinema.<\/p>\n<p>&#8220;Convivi com muitos homens do Bope. Eles eram \u00edntegros e acreditavam que faziam algo importante para o pa\u00eds.&#8221; O personagem \u00e9 relembrado pouco tempo ap\u00f3s uma <a href=\"https:\/\/www1.folha.uol.com.br\/cotidiano\/2025\/10\/numero-de-mortos-em-operacao-no-rio-chega-a-121-diz-policia.shtml\" rel=\"nofollow noopener\" target=\"\">opera\u00e7\u00e3o da pol\u00edcia ter deixado 121 pessoas<\/a> mortas nos complexos do Alem\u00e3o e da Penha, no Rio de Janeiro. Para alguns espectadores, o filme naturaliza a viol\u00eancia policial.<\/p>\n<p>&#8220;As pessoas podem interpretar o personagem da forma que quiserem&#8221;, afirma o ator. &#8220;Mas n\u00e3o podemos normalizar haver 121 corpos de pessoas mortas no ch\u00e3o, isso \u00e9 uma loucura, uma maluquice.&#8221;<\/p>\n<p>Ele falou ainda sobre &#8220;Last Night At The Lobster&#8221;, primeiro filme que dirige nos Estados Unidos. Al\u00e9m de assinar a dire\u00e7\u00e3o, ele tamb\u00e9m atua no longa. &#8220;\u00c9 um filme t\u00edpico de Natal americano. Essa magia n\u00e3o vem do c\u00e9u, mas sim das pessoas.&#8221;<\/p>\n","protected":false},"excerpt":{"rendered":"O ator Wagner Moura, protagonista do filme &#8220;O Agente Secreto&#8221;, afirma que j\u00e1 est\u00e1 se preparando para a&hellip;\n","protected":false},"author":2,"featured_media":146553,"comment_status":"","ping_status":"","sticky":false,"template":"","format":"standard","meta":{"footnotes":""},"categories":[145],"tags":[211,210,470,6724,114,115,236,2153,25704,25703,2931,2158,32,33,941,7255,12348],"class_list":{"0":"post-146552","1":"post","2":"type-post","3":"status-publish","4":"format-standard","5":"has-post-thumbnail","7":"category-celebridades","8":"tag-celebridades","9":"tag-celebrities","10":"tag-cinema","11":"tag-cinema-brasileiro","12":"tag-entertainment","13":"tag-entretenimento","14":"tag-folha","15":"tag-kleber-mendonca-filho","16":"tag-marighella","17":"tag-narcos","18":"tag-novela","19":"tag-o-agente-secreto","20":"tag-portugal","21":"tag-pt","22":"tag-series","23":"tag-tropa-de-elite","24":"tag-wagner-moura"},"share_on_mastodon":{"url":"https:\/\/pubeurope.com\/@pt\/115525610579491218","error":""},"_links":{"self":[{"href":"https:\/\/www.europesays.com\/pt\/wp-json\/wp\/v2\/posts\/146552","targetHints":{"allow":["GET"]}}],"collection":[{"href":"https:\/\/www.europesays.com\/pt\/wp-json\/wp\/v2\/posts"}],"about":[{"href":"https:\/\/www.europesays.com\/pt\/wp-json\/wp\/v2\/types\/post"}],"author":[{"embeddable":true,"href":"https:\/\/www.europesays.com\/pt\/wp-json\/wp\/v2\/users\/2"}],"replies":[{"embeddable":true,"href":"https:\/\/www.europesays.com\/pt\/wp-json\/wp\/v2\/comments?post=146552"}],"version-history":[{"count":0,"href":"https:\/\/www.europesays.com\/pt\/wp-json\/wp\/v2\/posts\/146552\/revisions"}],"wp:featuredmedia":[{"embeddable":true,"href":"https:\/\/www.europesays.com\/pt\/wp-json\/wp\/v2\/media\/146553"}],"wp:attachment":[{"href":"https:\/\/www.europesays.com\/pt\/wp-json\/wp\/v2\/media?parent=146552"}],"wp:term":[{"taxonomy":"category","embeddable":true,"href":"https:\/\/www.europesays.com\/pt\/wp-json\/wp\/v2\/categories?post=146552"},{"taxonomy":"post_tag","embeddable":true,"href":"https:\/\/www.europesays.com\/pt\/wp-json\/wp\/v2\/tags?post=146552"}],"curies":[{"name":"wp","href":"https:\/\/api.w.org\/{rel}","templated":true}]}}