{"id":146554,"date":"2025-11-10T13:24:12","date_gmt":"2025-11-10T13:24:12","guid":{"rendered":"https:\/\/www.europesays.com\/pt\/146554\/"},"modified":"2025-11-10T13:24:12","modified_gmt":"2025-11-10T13:24:12","slug":"esta-feliz-mae-de-ines-da-resposta-e-fala-da-relacao-da-filha-com-dylan","status":"publish","type":"post","link":"https:\/\/www.europesays.com\/pt\/146554\/","title":{"rendered":"&#8220;Est\u00e1 feliz?&#8221;. M\u00e3e de In\u00eas d\u00e1 resposta e fala da rela\u00e7\u00e3o da filha com Dylan"},"content":{"rendered":"<p>Durante a gala do Secret Story 9 transmitida na noite deste domingo, 9 de novembro, Dylan teve a oportunidade de escolher uma das mensagens \u00e0 sorte para ler: uma da sua m\u00e3e ou outra da m\u00e3e de In\u00eas.<\/p>\n<p>A mensagem da m\u00e3e de In\u00eas foi a escolhida e a concorrente do Montijo n\u00e3o escondeu a emo\u00e7\u00e3o pelo recado que recebeu: \u201c<strong>Amo-te muito minha filhota, a minha for\u00e7a estar\u00e1 sempre contigo<\/strong>\u201c.<\/p>\n<p>Depois desse momento, Carla, m\u00e3e de In\u00eas, conversou com Cristina Ferreira e foi questionada sobre a rela\u00e7\u00e3o da filha com Dylan: \u201c<strong>A m\u00e3e est\u00e1 feliz com o genro novo?<\/strong>\u201c. A resposta foi perent\u00f3ria: \u201c<strong>Vamos ver. Ainda n\u00e3o o conhe\u00e7o, pois nunca se sabe. A coisa at\u00e9 pode correr bem<\/strong>\u201c.<\/p>\n<p>\u201c<strong>Agora \u00e9 esperar para ver o que \u00e9 que pode acontecer, mas as coisas mudam assim t\u00e3o de repente, n\u00e3o sei<\/strong>\u201c, acrescentou a m\u00e3e da concorrente, que referiu tamb\u00e9m sobre a possibilidade da rela\u00e7\u00e3o ser jogo: \u201c<strong>Fico a pensar se ser\u00e1 ou n\u00e3o. N\u00e3o sei, se calhar \u00e9. N\u00e3o fico enervada, eu vou ser muito sincera: eu n\u00e3o sou pessoa de me enervar, de me stressar, nunca fui e a In\u00eas sabe. Portanto, deixo o jogo andar e ela \u00e9 que vai resolver. O que ela resolver, estou c\u00e1 de bra\u00e7os abertos<\/strong>\u201c.<\/p>\n<p><a href=\"https:\/\/tvi.iol.pt\/secretstory\/videos\/esta-contente-com-este-genro-novo-mae-de-ines-reage-a-romance-da-filha-com-dylan\/691116c80cf2c7eb24444a86\" target=\"_blank\" rel=\"noopener nofollow\">Veja o v\u00eddeo aqui<\/a>.<\/p>\n","protected":false},"excerpt":{"rendered":"Durante a gala do Secret Story 9 transmitida na noite deste domingo, 9 de novembro, Dylan teve a&hellip;\n","protected":false},"author":2,"featured_media":146555,"comment_status":"","ping_status":"","sticky":false,"template":"","format":"standard","meta":{"footnotes":"","_share_on_mastodon":"0"},"categories":[142],"tags":[19105,114,115,29028,1127,26469,28755,32,33,24622,893,151],"class_list":["post-146554","post","type-post","status-publish","format-standard","has-post-thumbnail","category-tv","tag-dylan","tag-entertainment","tag-entretenimento","tag-feliz","tag-filha","tag-inu00eas","tag-mu00e3e","tag-portugal","tag-pt","tag-relau00e7u00e3o","tag-resposta","tag-tv"],"share_on_mastodon":{"url":"https:\/\/pubeurope.com\/@pt\/115525626294377480","error":""},"_links":{"self":[{"href":"https:\/\/www.europesays.com\/pt\/wp-json\/wp\/v2\/posts\/146554","targetHints":{"allow":["GET"]}}],"collection":[{"href":"https:\/\/www.europesays.com\/pt\/wp-json\/wp\/v2\/posts"}],"about":[{"href":"https:\/\/www.europesays.com\/pt\/wp-json\/wp\/v2\/types\/post"}],"author":[{"embeddable":true,"href":"https:\/\/www.europesays.com\/pt\/wp-json\/wp\/v2\/users\/2"}],"replies":[{"embeddable":true,"href":"https:\/\/www.europesays.com\/pt\/wp-json\/wp\/v2\/comments?post=146554"}],"version-history":[{"count":0,"href":"https:\/\/www.europesays.com\/pt\/wp-json\/wp\/v2\/posts\/146554\/revisions"}],"wp:featuredmedia":[{"embeddable":true,"href":"https:\/\/www.europesays.com\/pt\/wp-json\/wp\/v2\/media\/146555"}],"wp:attachment":[{"href":"https:\/\/www.europesays.com\/pt\/wp-json\/wp\/v2\/media?parent=146554"}],"wp:term":[{"taxonomy":"category","embeddable":true,"href":"https:\/\/www.europesays.com\/pt\/wp-json\/wp\/v2\/categories?post=146554"},{"taxonomy":"post_tag","embeddable":true,"href":"https:\/\/www.europesays.com\/pt\/wp-json\/wp\/v2\/tags?post=146554"}],"curies":[{"name":"wp","href":"https:\/\/api.w.org\/{rel}","templated":true}]}}