{"id":146556,"date":"2025-11-10T13:26:11","date_gmt":"2025-11-10T13:26:11","guid":{"rendered":"https:\/\/www.europesays.com\/pt\/146556\/"},"modified":"2025-11-10T13:26:11","modified_gmt":"2025-11-10T13:26:11","slug":"o-filme-ganha-primeiras-imagens-de-yoshi","status":"publish","type":"post","link":"https:\/\/www.europesays.com\/pt\/146556\/","title":{"rendered":"O Filme ganha primeiras imagens de Yoshi"},"content":{"rendered":"<p>Super Mario Galaxy: O Filme ganha primeiras imagens de Yoshi<\/p>\n<p>\n      Filme deve chegar aos cinemas em 2026\n    <\/p>\n<p>      <img decoding=\"async\" class=\"reading-time__icon\" src=\"https:\/\/cdn.ome.lt\/static\/omelete25\/img\/clock-icon.svg\" alt=\"Omelete\"\/><\/p>\n<p>\n        1 min de leitura\n      <\/p>\n<p>            <img loading=\"lazy\" decoding=\"async\" class=\"action-buttons__icon\" src=\"https:\/\/cdn.ome.lt\/static\/omelete25\/img\/share-icon.svg\" alt=\"\u00cdcone compartilhamento\" width=\"24\" height=\"24\"\/><\/p>\n<p>        Compartilhar<\/p>\n<p>  <img decoding=\"async\" src=\"https:\/\/cdn.ome.lt\/static\/omelete\/img\/loading.svg\" alt=\"\"\/><\/p>\n<p>  <img decoding=\"async\" class=\"article__cover__image\" data-lazy-src-mob=\"\/\/cdn.ome.lt\/1NWMK8hQcYk9CUrSiYnlS6-fjgw=\/570x0\/smart\/filters:format(webp)\/uploads\/conteudo\/fotos\/OMELETE_CAPA_-_2025-11-10T095314.792.webp\" data-lazy-src=\"https:\/\/cdn.ome.lt\/1XJ3x8MByLqm8d4WnJRNPQS0l0Y=\/987x0\/smart\/filters:format(webp)\/uploads\/conteudo\/fotos\/OMELETE_CAPA_-_2025-11-10T095314.792.webp\" src=\"data:image\/png;base64,iVBORw0KGgoAAAANSUhEUgAAAAEAAAABCAQAAAC1HAwCAAAAC0lEQVR42mNkYAAAAAYAAjCB0C8AAAAASUVORK5CYII=\" alt=\"Super Mario Galaxy: O Filme ganha primeiras imagens de Yoshi\" title=\"None\" width=\"987\" height=\"555\" fetchpriority=\"high\"\/><\/p>\n<p>Foram reveladas hoje novas imagens de\u00a0<strong>Super Mario Galaxy: O Filme<\/strong>.\u00a0Veja a seguir Yoshi em duas artes promocionais do longa-metragem.<\/p>\n<p>            Continua depois da Publicidade<\/p>\n<p>Ainda que novos personagens n\u00e3o tenham sido revelados para a sequ\u00eancia, sabemos que o novo filme de Mario trar\u00e1 seu elenco estrelado de volta: <strong>Chris Pratt<\/strong> retorna para o papel principal, com <strong>Anya Taylor-Joy<\/strong> como Princesa Peach e <strong>Jack Black<\/strong> interpretando Bowser mais uma vez.<\/p>\n<p>Como o pr\u00f3prio t\u00edtulo j\u00e1 indica, Super Mario Galaxy: O Filme deve adaptar a hist\u00f3ria do game de 2007, lan\u00e7ado originalmente para <strong>Nintendo Wii<\/strong>. Nele, o encanador mais famoso do mundo parte em uma miss\u00e3o extraterrestre para resgatar sua amada Peach.<\/p>\n<p>Por enquanto, o novo filme da franquia n\u00e3o teve sua data de lan\u00e7amento confirmada.<\/p>\n<p>            Continua depois da Publicidade<\/p>\n<p>          Omelete Recomenda<\/p>\n<p class=\"lgpd__text\">\n      Ao continuar navegando, declaro que estou ciente e concordo com a nossa<br \/>\n      <a class=\"lgpd__link\" href=\"https:\/\/www.omeletecompany.com\/politica-privacidade\" target=\"_blank\" rel=\"nofollow noopener\">Pol\u00edtica de Privacidade<\/a><br \/>\n      bem como manifesto o consentimento quanto ao fornecimento e tratamento dos dados e cookies para as finalidades ali<br \/>\n      constantes.\n    <\/p>\n<p>    Aceitar<\/p>\n","protected":false},"excerpt":{"rendered":"Super Mario Galaxy: O Filme ganha primeiras imagens de Yoshi Filme deve chegar aos cinemas em 2026 1&hellip;\n","protected":false},"author":2,"featured_media":146557,"comment_status":"","ping_status":"","sticky":false,"template":"","format":"standard","meta":{"footnotes":""},"categories":[140],"tags":[114,115,147,148,146,32,33],"class_list":{"0":"post-146556","1":"post","2":"type-post","3":"status-publish","4":"format-standard","5":"has-post-thumbnail","7":"category-filmes","8":"tag-entertainment","9":"tag-entretenimento","10":"tag-film","11":"tag-filmes","12":"tag-movies","13":"tag-portugal","14":"tag-pt"},"share_on_mastodon":{"url":"https:\/\/pubeurope.com\/@pt\/115525634478674026","error":""},"_links":{"self":[{"href":"https:\/\/www.europesays.com\/pt\/wp-json\/wp\/v2\/posts\/146556","targetHints":{"allow":["GET"]}}],"collection":[{"href":"https:\/\/www.europesays.com\/pt\/wp-json\/wp\/v2\/posts"}],"about":[{"href":"https:\/\/www.europesays.com\/pt\/wp-json\/wp\/v2\/types\/post"}],"author":[{"embeddable":true,"href":"https:\/\/www.europesays.com\/pt\/wp-json\/wp\/v2\/users\/2"}],"replies":[{"embeddable":true,"href":"https:\/\/www.europesays.com\/pt\/wp-json\/wp\/v2\/comments?post=146556"}],"version-history":[{"count":0,"href":"https:\/\/www.europesays.com\/pt\/wp-json\/wp\/v2\/posts\/146556\/revisions"}],"wp:featuredmedia":[{"embeddable":true,"href":"https:\/\/www.europesays.com\/pt\/wp-json\/wp\/v2\/media\/146557"}],"wp:attachment":[{"href":"https:\/\/www.europesays.com\/pt\/wp-json\/wp\/v2\/media?parent=146556"}],"wp:term":[{"taxonomy":"category","embeddable":true,"href":"https:\/\/www.europesays.com\/pt\/wp-json\/wp\/v2\/categories?post=146556"},{"taxonomy":"post_tag","embeddable":true,"href":"https:\/\/www.europesays.com\/pt\/wp-json\/wp\/v2\/tags?post=146556"}],"curies":[{"name":"wp","href":"https:\/\/api.w.org\/{rel}","templated":true}]}}