{"id":146568,"date":"2025-11-10T13:34:23","date_gmt":"2025-11-10T13:34:23","guid":{"rendered":"https:\/\/www.europesays.com\/pt\/146568\/"},"modified":"2025-11-10T13:34:23","modified_gmt":"2025-11-10T13:34:23","slug":"sporting-so-aproveitou-dois-cantos-em-65-sporting","status":"publish","type":"post","link":"https:\/\/www.europesays.com\/pt\/146568\/","title":{"rendered":"Sporting s\u00f3 aproveitou dois cantos em 65 &#8211; Sporting"},"content":{"rendered":"<p>                    07:50<\/p>\n<p>R\u00e1cio pouco acima de 3% em 11 jornadas da Liga. Pote e Quenda serviram Hjulmand e Ioannidis<\/p>\n<p class=\"\">&#13;<br \/>\n        Muito deram que falar os instantes finais do Santa Clara-Sporting, jogo da jornada 11 da Liga, disputado na noite de s\u00e1bado, onde os le\u00f5es precisaram da compensa\u00e7\u00e3o para, na sequ\u00eancia de um pontap\u00e9 de canto, consumarem a reviravolta.&#13;\n    <\/p>\n<p>                        Para ler TODOS OS ARTIGOS RECORD PREMIUM durante o dia 10.11.2025 insira o seu n\u00famero de telem\u00f3vel e clique em OK<\/p>\n<p>Consulte a aplica\u00e7\u00e3o MBway no seu telem\u00f3vel e aceite a transa\u00e7\u00e3o&#13;\n                    <\/p>\n<p>                        Os seus dados n\u00e3o ser\u00e3o guardados pelo Record<\/p>\n<p>                    Por Bruno Fernandes e  Jo\u00e3o Soares Ribeiro<\/p>\n","protected":false},"excerpt":{"rendered":"07:50 R\u00e1cio pouco acima de 3% em 11 jornadas da Liga. Pote e Quenda serviram Hjulmand e Ioannidis&hellip;\n","protected":false},"author":2,"featured_media":146569,"comment_status":"","ping_status":"","sticky":false,"template":"","format":"standard","meta":{"footnotes":""},"categories":[8],"tags":[27,28,15,16,14,25,26,21,22,12,13,19,20,32,23,24,33,17,18,29,30,31],"class_list":{"0":"post-146568","1":"post","2":"type-post","3":"status-publish","4":"format-standard","5":"has-post-thumbnail","7":"category-principais-noticias","8":"tag-breaking-news","9":"tag-breakingnews","10":"tag-featured-news","11":"tag-featurednews","12":"tag-headlines","13":"tag-latest-news","14":"tag-latestnews","15":"tag-main-news","16":"tag-mainnews","17":"tag-news","18":"tag-noticias","19":"tag-noticias-principais","20":"tag-noticiasprincipais","21":"tag-portugal","22":"tag-principais-noticias","23":"tag-principaisnoticias","24":"tag-pt","25":"tag-top-stories","26":"tag-topstories","27":"tag-ultimas","28":"tag-ultimas-noticias","29":"tag-ultimasnoticias"},"share_on_mastodon":{"url":"https:\/\/pubeurope.com\/@pt\/115525665805075381","error":""},"_links":{"self":[{"href":"https:\/\/www.europesays.com\/pt\/wp-json\/wp\/v2\/posts\/146568","targetHints":{"allow":["GET"]}}],"collection":[{"href":"https:\/\/www.europesays.com\/pt\/wp-json\/wp\/v2\/posts"}],"about":[{"href":"https:\/\/www.europesays.com\/pt\/wp-json\/wp\/v2\/types\/post"}],"author":[{"embeddable":true,"href":"https:\/\/www.europesays.com\/pt\/wp-json\/wp\/v2\/users\/2"}],"replies":[{"embeddable":true,"href":"https:\/\/www.europesays.com\/pt\/wp-json\/wp\/v2\/comments?post=146568"}],"version-history":[{"count":0,"href":"https:\/\/www.europesays.com\/pt\/wp-json\/wp\/v2\/posts\/146568\/revisions"}],"wp:featuredmedia":[{"embeddable":true,"href":"https:\/\/www.europesays.com\/pt\/wp-json\/wp\/v2\/media\/146569"}],"wp:attachment":[{"href":"https:\/\/www.europesays.com\/pt\/wp-json\/wp\/v2\/media?parent=146568"}],"wp:term":[{"taxonomy":"category","embeddable":true,"href":"https:\/\/www.europesays.com\/pt\/wp-json\/wp\/v2\/categories?post=146568"},{"taxonomy":"post_tag","embeddable":true,"href":"https:\/\/www.europesays.com\/pt\/wp-json\/wp\/v2\/tags?post=146568"}],"curies":[{"name":"wp","href":"https:\/\/api.w.org\/{rel}","templated":true}]}}