{"id":146593,"date":"2025-11-10T13:56:07","date_gmt":"2025-11-10T13:56:07","guid":{"rendered":"https:\/\/www.europesays.com\/pt\/146593\/"},"modified":"2025-11-10T13:56:07","modified_gmt":"2025-11-10T13:56:07","slug":"avatar-3-guillermo-del-toro-compara-filme-a-star-wars-e-magico-de-oz","status":"publish","type":"post","link":"https:\/\/www.europesays.com\/pt\/146593\/","title":{"rendered":"Avatar 3 | Guillermo del Toro compara filme a Star Wars e M\u00e1gico de Oz"},"content":{"rendered":"<p>O diretor\u00a0<strong>Guillermo del Toro<\/strong>, que acaba de lan\u00e7ar seu\u00a0<strong>Frankenstein<\/strong>,\u00a0j\u00e1 assistiu a\u00a0<strong>Avatar: Fogo e Cinzas<\/strong> e prometeu: o novo filme da franquia de\u00a0<strong>James Cameron\u00a0<\/strong>ser\u00e1 surpreendente.<\/p>\n<p>&#8220;Eu vi todos os tr\u00eas Avatar. Eles s\u00e3o obras-primas. Eu sei para onde a franquia est\u00e1 indo, e eu acho que vai surpreender muita gente&#8221;, disse o cineasta ao <a data-analytics-id=\"inline-link\" data-hl-processed=\"none\" data-url=\"https:\/\/www.youtube.com\/watch?app=desktop&amp;v=T0NGBCzF1JY\" href=\"https:\/\/www.youtube.com\/watch?app=desktop&amp;v=T0NGBCzF1JY\" rel=\"noopener nofollow\" target=\"_blank\">Konbini Video<\/a>. &#8220;Eu n\u00e3o posso dizer nada [sobre Fogo e Cinzas], mas eu posso dizer que h\u00e1 muitos poucos americanos que criaram uma mitologia inteira. Voc\u00ea tem [George] Lucas. Voc\u00ea tem a mitologia de O M\u00e1gico de Oz com Frank Baum. Jim [Cameron] est\u00e1 criando isso com Avatar, e ele vai te levar para v\u00e1rios lugares&#8221;, concluiu.<\/p>\n<p>            Continua depois da Publicidade<\/p>\n<p>    <strong>Tudo sobre\u00a0Avatar: Fogo e Cinzas<\/strong><\/p>\n<p>Ainda n\u00e3o h\u00e1 muitos detalhes sobre a hist\u00f3ria do filme, mas teremos uma nova aventura em Pandora que, assim como\u00a0O Caminho da \u00c1gua, apresentar\u00e1 novas tribos de Na&#8217;vi.<\/p>\n<p>A principal tribo que conheceremos em\u00a0Avatar: Fogo e Cinzas\u00a0\u00e9\u00a0O Povo das Cinzas, descrito como um grupo vulc\u00e2nico e agressivo, em contraste com os pac\u00edficos Metkayina, cl\u00e3 dos mares apresentado em\u00a0Avatar: O Caminho da \u00c1gua.\u00a0Oona Chaplin, neta de Charles Chaplin e atriz de\u00a0Game of Thrones, viver\u00e1 Varang, a l\u00edder do Povo das Cinzas.<\/p>\n<p>            Continua depois da Publicidade<\/p>\n<p>Avatar: Fogo e Cinzas\u00a0tamb\u00e9m trocar\u00e1 de narrador, deixando o Jake Sully de Sam Worthington de lado em favor do Lo&#8217;ak de Britain Dalton.\u00a0Este \u00e9 o terceiro de cinco filmes de\u00a0Avatar.<\/p>\n<p>Avatar: Fogo e Cinzas\u00a0estreia em\u00a019 de dezembro de 2025. Um hiato de quatro anos vai separ\u00e1-lo de\u00a0Avatar 4, que chega aos cinemas em 21 de dezembro de 2029. \u00daltimo filme da saga previsto,\u00a0Avatar 5\u00a0tem data de lan\u00e7amento prevista para 19 de dezembro de 2031.<\/p>\n<p>Com isso, o \u00faltimo\u00a0Avatar\u00a0sair\u00e1 22 anos depois do original em 2009, isso se as datas forem mantidas.<\/p>\n<p>\u00daltimo lan\u00e7amento da franquia,\u00a0Avatar: O Caminho da \u00c1gua\u00a0retomou a hist\u00f3ria de Jake Sully (Sam Worthington) e sua amada Neytiri (Zo\u00eb Salda\u00f1a) no planeta de Pandora. Muitos anos depois dos eventos do primeiro filme, os dois formaram uma fam\u00edlia e se veem na posi\u00e7\u00e3o de defender o planeta de uma nova invas\u00e3o humana.<\/p>\n<p>            Continua depois da Publicidade<\/p>\n","protected":false},"excerpt":{"rendered":"O diretor\u00a0Guillermo del Toro, que acaba de lan\u00e7ar seu\u00a0Frankenstein,\u00a0j\u00e1 assistiu a\u00a0Avatar: Fogo e Cinzas e prometeu: o novo&hellip;\n","protected":false},"author":2,"featured_media":146594,"comment_status":"","ping_status":"","sticky":false,"template":"","format":"standard","meta":{"footnotes":""},"categories":[140],"tags":[114,115,147,148,146,32,33],"class_list":{"0":"post-146593","1":"post","2":"type-post","3":"status-publish","4":"format-standard","5":"has-post-thumbnail","7":"category-filmes","8":"tag-entertainment","9":"tag-entretenimento","10":"tag-film","11":"tag-filmes","12":"tag-movies","13":"tag-portugal","14":"tag-pt"},"share_on_mastodon":{"url":"https:\/\/pubeurope.com\/@pt\/115525752126598000","error":""},"_links":{"self":[{"href":"https:\/\/www.europesays.com\/pt\/wp-json\/wp\/v2\/posts\/146593","targetHints":{"allow":["GET"]}}],"collection":[{"href":"https:\/\/www.europesays.com\/pt\/wp-json\/wp\/v2\/posts"}],"about":[{"href":"https:\/\/www.europesays.com\/pt\/wp-json\/wp\/v2\/types\/post"}],"author":[{"embeddable":true,"href":"https:\/\/www.europesays.com\/pt\/wp-json\/wp\/v2\/users\/2"}],"replies":[{"embeddable":true,"href":"https:\/\/www.europesays.com\/pt\/wp-json\/wp\/v2\/comments?post=146593"}],"version-history":[{"count":0,"href":"https:\/\/www.europesays.com\/pt\/wp-json\/wp\/v2\/posts\/146593\/revisions"}],"wp:featuredmedia":[{"embeddable":true,"href":"https:\/\/www.europesays.com\/pt\/wp-json\/wp\/v2\/media\/146594"}],"wp:attachment":[{"href":"https:\/\/www.europesays.com\/pt\/wp-json\/wp\/v2\/media?parent=146593"}],"wp:term":[{"taxonomy":"category","embeddable":true,"href":"https:\/\/www.europesays.com\/pt\/wp-json\/wp\/v2\/categories?post=146593"},{"taxonomy":"post_tag","embeddable":true,"href":"https:\/\/www.europesays.com\/pt\/wp-json\/wp\/v2\/tags?post=146593"}],"curies":[{"name":"wp","href":"https:\/\/api.w.org\/{rel}","templated":true}]}}