{"id":146603,"date":"2025-11-10T14:05:47","date_gmt":"2025-11-10T14:05:47","guid":{"rendered":"https:\/\/www.europesays.com\/pt\/146603\/"},"modified":"2025-11-10T14:05:47","modified_gmt":"2025-11-10T14:05:47","slug":"diretor-geral-da-bbc-e-ceo-da-bbc-news-demitem-se-observador","status":"publish","type":"post","link":"https:\/\/www.europesays.com\/pt\/146603\/","title":{"rendered":"Diretor geral da BBC e CEO da BBC News demitem-se \u2013 Observador"},"content":{"rendered":"<p>Em atualiza\u00e7\u00e3o<\/p>\n<p>O diretor-geral da BBC, Tim Davie, e a CEO da BBC News, Deborah Turness, <strong>demitiram-se ap\u00f3s cr\u00edticas de que um document\u00e1rio da BBC Panorama<\/strong> enganou os telespectadores ao editar um discurso de Donald Trump, em janeiro de 2021, em que ele parece incentivar explicitamente os dist\u00farbios no Capit\u00f3lio.<\/p>\n<p>Esta semana, o<a href=\"https:\/\/www.telegraph.co.uk\/news\/2025\/11\/03\/bbc-report-reveals-bias-donald-trump\/\" rel=\"nofollow noopener\" target=\"_blank\">\u00a0The Telegraph<\/a> publicou detalhes, citando um memorando interno da BBC, a sugerir que o programa editou duas partes do discurso de Trump, juntando-as como se tivessem sido proferidas nessa mesma sequ\u00eancia, para que Trump parecesse estar a incentivar de forma expl\u00edcita \u00e0 a\u00e7\u00e3o dos populares.<\/p>\n<p>No mesmo documento, era tamb\u00e9m revelado um vi\u00e9s anti-Israel na emissora, bem como alega\u00e7\u00f5es de que quest\u00f5es cr\u00edticas ao g\u00e9nero teriam sido minimizadas pelo \u00f3rg\u00e3o de comunica\u00e7\u00e3o social.<\/p>\n<p>De acordo o The Telegraph, a BBC dever\u00e1 pedir desculpas pela edi\u00e7\u00e3o enganosa do discurso de Donald Trump num document\u00e1rio do Panorama. Samir Shah, o presidente da BBC, deve escrever esta segunda-feira \u00e0 comiss\u00e3o de cultura, media e desporto para expressar o seu pesar pela forma como o discurso, feito no dia do motim no Capit\u00f3lio em 6 de janeiro de 2021, acabou a ser editado.<\/p>\n<p>O The Telegraph revelou anteriormente que tanto Davie como Shah foram avisados sobre a manipula\u00e7\u00e3o das imagens em maio, sem que tivesse existido uma rea\u00e7\u00e3o p\u00fablica \u00e0s revela\u00e7\u00f5es desde ent\u00e3o.<\/p>\n<p><a href=\"https:\/\/twitter.com\/lisanandy\/status\/1987585905968681019\" rel=\"nofollow noopener\" target=\"_blank\">Na rede social X<\/a>, Lisa Nandy, a ministra da Cultura brit\u00e2nica, agradeceu a\u00a0Tim Davie \u201cpelo seu servi\u00e7o \u00e0 radiodifus\u00e3o p\u00fablica ao longo de muitos anos\u201d. \u201cEle liderou a BBC durante um per\u00edodo de mudan\u00e7as significativas e ajudou a organiza\u00e7\u00e3o a enfrentar os desafios que surgiu nos \u00faltimos anos\u201d, escreveu.<\/p>\n<blockquote class=\"twitter-tweet\" data-width=\"500\" data-dnt=\"true\">\n<p lang=\"en\" dir=\"ltr\">I want to thank Tim Davie for his service to public broadcasting over many years. <\/p>\n<p>He has led the BBC through a period of significant change and helped the organisation to grip the challenges it has faced in recent years.<\/p>\n<p>\u2014 Lisa Nandy MP (@lisanandy) <a href=\"https:\/\/twitter.com\/lisanandy\/status\/1987585905968681019?ref_src=twsrc%5Etfw\" rel=\"nofollow noopener\" target=\"_blank\">November 9, 2025<\/a><\/p>\n<\/blockquote>\n<p>A ministra brit\u00e2nica comprometeu-se, juntamente com o restante governo, a apoiar o conselho de administra\u00e7\u00e3o da BBC na \u201cgest\u00e3o desta transi\u00e7\u00e3o\u201d.<\/p>\n<p class=\"tinymceh1\">\u201cOs principais respons\u00e1veis da BBC, incluindo Tim Davie, o chefe, est\u00e3o todos a demitir-se\/a ser despedidos, porque foram apanhados a adulterar o meu excelente (PERFEITO!) discurso de 6 de janeiro. Obrigado ao The Telegraph por expor estes \u2018jornalistas\u2019 corruptos\u201d, escreveu Donald Trump na <a href=\"https:\/\/truthsocial.com\/@realDonaldTrump\/posts\/115521695808009888\" rel=\"nofollow noopener\" target=\"_blank\">Truth Social<\/a>.<\/p>\n<p><script async src=\"https:\/\/platform.twitter.com\/widgets.js\" charset=\"utf-8\"><\/script><\/p>\n","protected":false},"excerpt":{"rendered":"Em atualiza\u00e7\u00e3o O diretor-geral da BBC, Tim Davie, e a CEO da BBC News, Deborah Turness, demitiram-se ap\u00f3s&hellip;\n","protected":false},"author":2,"featured_media":146604,"comment_status":"","ping_status":"","sticky":false,"template":"","format":"standard","meta":{"footnotes":""},"categories":[8],"tags":[624,11759,27,28,92,623,15,16,14,25,26,21,22,715,62,12,13,19,20,32,23,24,33,58,2671,17,18,29,30,31],"class_list":{"0":"post-146603","1":"post","2":"type-post","3":"status-publish","4":"format-standard","5":"has-post-thumbnail","7":"category-principais-noticias","8":"tag-amu00e9rica","9":"tag-bbc","10":"tag-breaking-news","11":"tag-breakingnews","12":"tag-donald-trump","13":"tag-estados-unidos-da-amu00e9rica","14":"tag-featured-news","15":"tag-featurednews","16":"tag-headlines","17":"tag-latest-news","18":"tag-latestnews","19":"tag-main-news","20":"tag-mainnews","21":"tag-media","22":"tag-mundo","23":"tag-news","24":"tag-noticias","25":"tag-noticias-principais","26":"tag-noticiasprincipais","27":"tag-portugal","28":"tag-principais-noticias","29":"tag-principaisnoticias","30":"tag-pt","31":"tag-sociedade","32":"tag-televisu00e3o","33":"tag-top-stories","34":"tag-topstories","35":"tag-ultimas","36":"tag-ultimas-noticias","37":"tag-ultimasnoticias"},"share_on_mastodon":{"url":"https:\/\/pubeurope.com\/@pt\/115525787517622253","error":""},"_links":{"self":[{"href":"https:\/\/www.europesays.com\/pt\/wp-json\/wp\/v2\/posts\/146603","targetHints":{"allow":["GET"]}}],"collection":[{"href":"https:\/\/www.europesays.com\/pt\/wp-json\/wp\/v2\/posts"}],"about":[{"href":"https:\/\/www.europesays.com\/pt\/wp-json\/wp\/v2\/types\/post"}],"author":[{"embeddable":true,"href":"https:\/\/www.europesays.com\/pt\/wp-json\/wp\/v2\/users\/2"}],"replies":[{"embeddable":true,"href":"https:\/\/www.europesays.com\/pt\/wp-json\/wp\/v2\/comments?post=146603"}],"version-history":[{"count":0,"href":"https:\/\/www.europesays.com\/pt\/wp-json\/wp\/v2\/posts\/146603\/revisions"}],"wp:featuredmedia":[{"embeddable":true,"href":"https:\/\/www.europesays.com\/pt\/wp-json\/wp\/v2\/media\/146604"}],"wp:attachment":[{"href":"https:\/\/www.europesays.com\/pt\/wp-json\/wp\/v2\/media?parent=146603"}],"wp:term":[{"taxonomy":"category","embeddable":true,"href":"https:\/\/www.europesays.com\/pt\/wp-json\/wp\/v2\/categories?post=146603"},{"taxonomy":"post_tag","embeddable":true,"href":"https:\/\/www.europesays.com\/pt\/wp-json\/wp\/v2\/tags?post=146603"}],"curies":[{"name":"wp","href":"https:\/\/api.w.org\/{rel}","templated":true}]}}