{"id":146612,"date":"2025-11-10T14:12:09","date_gmt":"2025-11-10T14:12:09","guid":{"rendered":"https:\/\/www.europesays.com\/pt\/146612\/"},"modified":"2025-11-10T14:12:09","modified_gmt":"2025-11-10T14:12:09","slug":"star-wars-diretor-confirma-que-starfighter-nao-e-sequencia","status":"publish","type":"post","link":"https:\/\/www.europesays.com\/pt\/146612\/","title":{"rendered":"Star Wars | Diretor confirma que Starfighter n\u00e3o \u00e9 sequ\u00eancia"},"content":{"rendered":"<p>O diretor\u00a0<strong>Shawn Levy\u00a0<\/strong>confirmou hoje, em entrevista ao\u00a0<a href=\"https:\/\/collider.com\/star-wars-starfighter-timeline-not-sequel-prequel-movie-shawn-levy\/\" rel=\"nofollow noopener\" target=\"_blank\">Collider<\/a>, que\u00a0<strong>Star Wars: Starfighter<\/strong>,\u00a0novo filme do universo\u00a0<strong>Star Wars<\/strong>, n\u00e3o \u00e9 sequ\u00eancia nem derivado de nenhum outro projeto do universo criado por\u00a0<strong>George Lucas<\/strong>.<\/p>\n<p>&#8220;Estamos realmente tentando seguir essa linha como um guia constante todos os dias. Minha equipe, meu diretor de fotografia, Claudio Miranda, [Ryan] Gosling \u00e9 meu principal colaborador no papel principal. Tem sido, sem d\u00favida, um sonho realizado&#8221;, come\u00e7ou o cineasta. &#8220;Meu eu de 10 anos est\u00e1 comigo no set todos os dias. Ali\u00e1s, ele vai pegar um voo hoje \u00e0 noite para voltar ao set e continuar filmando na segunda-feira. Mas \u00e9 uma oportunidade enorme e revigorante, porque a Lucasfilm tem me incentivado muito a fazer algo novo. N\u00e3o h\u00e1 press\u00e3o para ser derivativo ou limitado por uma obriga\u00e7\u00e3o com o que veio antes. H\u00e1 apenas um amor pelo que veio antes&#8221;, concluiu.<\/p>\n<p>            Continua depois da Publicidade<\/p>\n<p><strong>Tudo sobre os pr\u00f3ximos filmes de Star Wars<\/strong><\/p>\n<p>Em fevereiro,\u00a0<strong>Kathleen Kennedy<\/strong>\u00a0falou sobre a produ\u00e7\u00e3o.\u00a0&#8220;Eu estou produzindo o filme de Mandalorian no momento, e tamb\u00e9m o de Shawn Levy, que vem depois. Ent\u00e3o eu continuo na LucasFilm e ansiosa para trabalhar com Bob (Iger) e Alan (Bergman), que est\u00e3o entrando no projeto. Ent\u00e3o tudo est\u00e1 caminhando, e temos todo o direito de fazer o an\u00fancio quando quisermos&#8221;, disse Kennedy ao Deadline.\u00a0&#8220;O filme ser\u00e1 ambientado no futuro, depois dos primeiros nove. Shawn far\u00e1 um filme de Star Wars com hist\u00f3ria independente, talvez cinco ou seis anos ap\u00f3s A Ascens\u00e3o Skywalker&#8221;, concluiu.<\/p>\n<p>J\u00e1 h\u00e1 quatro filmes de\u00a0Star Wars\u00a0anunciados. O primeiro vem em maio 2026 e \u00e9\u00a0The Mandalorian &amp; Grogu, uma continua\u00e7\u00e3o da s\u00e9rie do Mandaloriano dirigida por\u00a0<strong>Jon Favreau<\/strong>. J\u00e1\u00a0Sharmeen Obaid-Chinoy\u00a0dirigir\u00e1 um filme focado nas aventuras de Rey (Daisy Ridley) ap\u00f3s o\u00a0Epis\u00f3dio IX, enquanto\u00a0James Mangold\u00a0dirigir\u00e1 um filme sobre a origem dos Jedi, tr\u00eas mil anos antes da saga principal. H\u00e1 ainda o filme de\u00a0Dave Filoni, criador de\u00a0Ahsoka. Al\u00e9m disso tudo, em desenvolvimento est\u00e3o projetos de Taika Waititi e Shawn Levy.<\/p>\n<p>Diferente de\u00a0The Mandalorian &amp; Grogu\u00a0e\u00a0Starfighter,\u00a0os\u00a0outros filmes n\u00e3o t\u00eam previs\u00e3o de estreia, mas a Lucasfilm reservou datas em dezembro de 2026 e dezembro de 2027 para lan\u00e7amentos de\u00a0Star Wars.<\/p>\n<p data-gtm-vis-first-on-screen67967661_30=\"16492\" data-gtm-vis-has-fired67967661_30=\"1\" data-gtm-vis-recent-on-screen67967661_30=\"16492\" data-gtm-vis-total-visible-time67967661_30=\"100\"><strong>Star Wars: Starfighter<\/strong>\u00a0vai estrear em 27 de maio 2027.<\/p>\n","protected":false},"excerpt":{"rendered":"O diretor\u00a0Shawn Levy\u00a0confirmou hoje, em entrevista ao\u00a0Collider, que\u00a0Star Wars: Starfighter,\u00a0novo filme do universo\u00a0Star Wars, n\u00e3o \u00e9 sequ\u00eancia nem&hellip;\n","protected":false},"author":2,"featured_media":146613,"comment_status":"","ping_status":"","sticky":false,"template":"","format":"standard","meta":{"footnotes":""},"categories":[140],"tags":[114,115,147,148,146,32,33],"class_list":{"0":"post-146612","1":"post","2":"type-post","3":"status-publish","4":"format-standard","5":"has-post-thumbnail","7":"category-filmes","8":"tag-entertainment","9":"tag-entretenimento","10":"tag-film","11":"tag-filmes","12":"tag-movies","13":"tag-portugal","14":"tag-pt"},"share_on_mastodon":{"url":"https:\/\/pubeurope.com\/@pt\/115525815064530902","error":""},"_links":{"self":[{"href":"https:\/\/www.europesays.com\/pt\/wp-json\/wp\/v2\/posts\/146612","targetHints":{"allow":["GET"]}}],"collection":[{"href":"https:\/\/www.europesays.com\/pt\/wp-json\/wp\/v2\/posts"}],"about":[{"href":"https:\/\/www.europesays.com\/pt\/wp-json\/wp\/v2\/types\/post"}],"author":[{"embeddable":true,"href":"https:\/\/www.europesays.com\/pt\/wp-json\/wp\/v2\/users\/2"}],"replies":[{"embeddable":true,"href":"https:\/\/www.europesays.com\/pt\/wp-json\/wp\/v2\/comments?post=146612"}],"version-history":[{"count":0,"href":"https:\/\/www.europesays.com\/pt\/wp-json\/wp\/v2\/posts\/146612\/revisions"}],"wp:featuredmedia":[{"embeddable":true,"href":"https:\/\/www.europesays.com\/pt\/wp-json\/wp\/v2\/media\/146613"}],"wp:attachment":[{"href":"https:\/\/www.europesays.com\/pt\/wp-json\/wp\/v2\/media?parent=146612"}],"wp:term":[{"taxonomy":"category","embeddable":true,"href":"https:\/\/www.europesays.com\/pt\/wp-json\/wp\/v2\/categories?post=146612"},{"taxonomy":"post_tag","embeddable":true,"href":"https:\/\/www.europesays.com\/pt\/wp-json\/wp\/v2\/tags?post=146612"}],"curies":[{"name":"wp","href":"https:\/\/api.w.org\/{rel}","templated":true}]}}