{"id":146616,"date":"2025-11-10T14:15:14","date_gmt":"2025-11-10T14:15:14","guid":{"rendered":"https:\/\/www.europesays.com\/pt\/146616\/"},"modified":"2025-11-10T14:15:14","modified_gmt":"2025-11-10T14:15:14","slug":"carolina-deslandes-a-colega-de-carteira-da-cantora-na-escola-era-uma-cara-conhecida-saiba-quem","status":"publish","type":"post","link":"https:\/\/www.europesays.com\/pt\/146616\/","title":{"rendered":"Carolina Deslandes &#8211; A colega de carteira da cantora na escola era uma cara conhecida. Saiba quem!"},"content":{"rendered":"<p><strong>Carolina Deslandes<\/strong> anunciou <a href=\"https:\/\/www.novagente.pt\/carolina-deslandes-quarto-filho-da-cantora-ja-nasceu-veja-primeiras-imagens\" rel=\"nofollow noopener\" target=\"_blank\">o nascimento <\/a>do seu quarto filho no passado dia 31 de outubro. O pequeno <strong>Sebasti\u00e3o<\/strong> \u00e9 fruto do relacionamento com <strong>Lu\u00eds Delgado<\/strong>.<\/p>\n<p>Recorde-se que a cantora \u00e9 m\u00e3e de mais tr\u00eas meninos: <strong>Santiago, Benjamin e Guilherme<\/strong>, frutos da rela\u00e7\u00e3o com <strong>Diogo Clemente<\/strong>.<\/p>\n<p>Durante as manh\u00e3s da <strong>TVI<\/strong>, a artista e o seu rec\u00e9m-nascido foram tema de conversa. Contudo, foi um <strong>detalhe sobre a artista portuguesa<\/strong> que se destacou.<\/p>\n<blockquote>\n<p><strong>Leia tamb\u00e9m: Carolina Deslandes <\/strong><a href=\"https:\/\/www.novagente.pt\/carolina-deslandes-expoe-mensagens-abusivas-de-ex-como-e-que-eu-deixei\" rel=\"nofollow noopener\" target=\"_blank\">exp\u00f5e mensagens abusivas do ex: &#8220;Como \u00e9 que eu deixei?&#8221;<\/a><\/p>\n<\/blockquote>\n<p>\u201cQueria dar os parab\u00e9ns \u00e0 Carolina!\u201d, come\u00e7ou por exclamar <strong>Cinha Jardim<\/strong>. Eis ent\u00e3o que faz a revela\u00e7\u00e3o: <strong>\u201cEu conhe\u00e7o a Carolina do col\u00e9gio com a minha filha Isaurinha\u201d<\/strong>.<\/p>\n<p>\u00a0<\/p>\n<p>Texto: Carolina Charrua; Fotos: Redes sociais e Impala<\/p>\n<p class=\"intagram-text\">Siga a Nova Gente no Instagram<\/p>\n<p>                        <a href=\"https:\/\/www.instagram.com\/revistanovagente\/\" target=\"_blank\" aria-label=\"instagram\" rel=\"noopener nofollow\"><img decoding=\"async\" style=\"display: block; margin-left: auto; margin-right: auto; width: 250px; height: 83px;\" src=\"https:\/\/www.europesays.com\/pt\/wp-content\/uploads\/2025\/11\/Instagram_NG.png\" alt=\"instagram\"\/><\/a><br \/>\n                    <script async src=\"\/\/www.instagram.com\/embed.js\"><\/script><\/p>\n","protected":false},"excerpt":{"rendered":"Carolina Deslandes anunciou o nascimento do seu quarto filho no passado dia 31 de outubro. O pequeno Sebasti\u00e3o&hellip;\n","protected":false},"author":2,"featured_media":146617,"comment_status":"","ping_status":"","sticky":false,"template":"","format":"standard","meta":{"footnotes":""},"categories":[85],"tags":[19182,18270,32071,114,115,3237,32072,32,33,162],"class_list":{"0":"post-146616","1":"post","2":"type-post","3":"status-publish","4":"format-standard","5":"has-post-thumbnail","7":"category-entretenimento","8":"tag-carolina-deslandes","9":"tag-cinha-jardim","10":"tag-colega","11":"tag-entertainment","12":"tag-entretenimento","13":"tag-escola","14":"tag-isaurinha","15":"tag-portugal","16":"tag-pt","17":"tag-tvi"},"share_on_mastodon":{"url":"https:\/\/pubeurope.com\/@pt\/115525827149409325","error":""},"_links":{"self":[{"href":"https:\/\/www.europesays.com\/pt\/wp-json\/wp\/v2\/posts\/146616","targetHints":{"allow":["GET"]}}],"collection":[{"href":"https:\/\/www.europesays.com\/pt\/wp-json\/wp\/v2\/posts"}],"about":[{"href":"https:\/\/www.europesays.com\/pt\/wp-json\/wp\/v2\/types\/post"}],"author":[{"embeddable":true,"href":"https:\/\/www.europesays.com\/pt\/wp-json\/wp\/v2\/users\/2"}],"replies":[{"embeddable":true,"href":"https:\/\/www.europesays.com\/pt\/wp-json\/wp\/v2\/comments?post=146616"}],"version-history":[{"count":0,"href":"https:\/\/www.europesays.com\/pt\/wp-json\/wp\/v2\/posts\/146616\/revisions"}],"wp:featuredmedia":[{"embeddable":true,"href":"https:\/\/www.europesays.com\/pt\/wp-json\/wp\/v2\/media\/146617"}],"wp:attachment":[{"href":"https:\/\/www.europesays.com\/pt\/wp-json\/wp\/v2\/media?parent=146616"}],"wp:term":[{"taxonomy":"category","embeddable":true,"href":"https:\/\/www.europesays.com\/pt\/wp-json\/wp\/v2\/categories?post=146616"},{"taxonomy":"post_tag","embeddable":true,"href":"https:\/\/www.europesays.com\/pt\/wp-json\/wp\/v2\/tags?post=146616"}],"curies":[{"name":"wp","href":"https:\/\/api.w.org\/{rel}","templated":true}]}}