{"id":146675,"date":"2025-11-10T15:09:27","date_gmt":"2025-11-10T15:09:27","guid":{"rendered":"https:\/\/www.europesays.com\/pt\/146675\/"},"modified":"2025-11-10T15:09:27","modified_gmt":"2025-11-10T15:09:27","slug":"amazon-prime-video-lancamentos-da-semana-10-a-16-de-novembro","status":"publish","type":"post","link":"https:\/\/www.europesays.com\/pt\/146675\/","title":{"rendered":"Amazon Prime Video: lan\u00e7amentos da semana (10 a 16 de novembro)"},"content":{"rendered":"<p>Nesta semana, o cat\u00e1logo do Prime Video recebe a s\u00e9rie &#8220;Bat-Fam\u00edlia&#8221; e o filme &#8220;Um Dia Fora de Controle&#8221;; confira a lista completa<\/p>\n<p><img decoding=\"async\" src=\"https:\/\/www.europesays.com\/pt\/wp-content\/uploads\/2025\/11\/Destaque-Prime-Video-lancamentos-da-semana-10-e-16-de-novembro-de-2025--1920x1080.jpg\" class=\"attachment-banner size-banner\" alt=\"Montagem com p\u00f4steres da s\u00e9rie Bat-Fam\u00edlia e do filme Um Dia Fora de Controle, que v\u00e3o estrear no Prime Video na semana entre 10 e 16 de novembro de 2025\" loading=\"eager\" fetchpriority=\"high\" width=\"1920\" height=\"1080\"\/><br \/>\n\t\t\t(Imagem: Divulga\u00e7\u00e3o e Olhar Digital)<\/p>\n<p>Compartilhe esta mat\u00e9ria<\/p>\n<p class=\"wp-embed-aspect-16-9 wp-has-aspect-ratio\" id=\"block-ef681ab3-1368-45c0-ac88-8accd5b80455\">O\u00a0<strong>Olhar Digital<\/strong>\u00a0apresenta os lan\u00e7amentos da semana do Amazon Prime Video. Na semana entre os dias 10 e 16 de novembro, a\u00a0<a href=\"https:\/\/olhardigital.com.br\/tag\/amazon\/\" target=\"_blank\" rel=\"noreferrer noopener nofollow\">Amazon<\/a>\u00a0ter\u00e1 a chegada de novas produ\u00e7\u00f5es \u00e0 sua plataforma de\u00a0<a href=\"https:\/\/olhardigital.com.br\/tag\/streaming\/\" target=\"_blank\" rel=\"noreferrer noopener nofollow\">streaming<\/a>.<\/p>\n<p>Entre tais produ\u00e7\u00f5es que chegam ao streaming da Amazon, est\u00e3o o filme Um Dia Fora de Controle e a s\u00e9rie Bat-Fam\u00edlia \u2013 ambos originais do Prime Video. Al\u00e9m disso, chegam ao cat\u00e1logo da plataforma os filmes Ghostbusters: Apocalipse de Gelo e Ainda Estou Aqui (este no Telecine).<\/p>\n<p><strong>Para um teste gr\u00e1tis de 30 dias de Prime Video <a href=\"https:\/\/www.primevideo.com\/?tag=odofertas-20\" target=\"_blank\" rel=\"noreferrer noopener nofollow\">clique aqui<\/a>.<\/strong><\/p>\n<p>Lan\u00e7amentos da Prime Video de 10 a 16 de novembro<\/p>\n<p>Confira mais detalhes sobre os\u00a0<a href=\"https:\/\/olhardigital.com.br\/tag\/lancamentos-da-semana\/\" target=\"_blank\" rel=\"noreferrer noopener nofollow\">lan\u00e7amentos da semana<\/a>\u00a0entre os dias 10 e 16 de novembro:<\/p>\n<p>Segunda-feira \u2013 10\/11<\/p>\n<ul>\n<li><strong>Bat-Fam\u00edlia \u2013 Temporada 1<\/strong>\n<ul>\n<li>S\u00e9rie | Original Prime Video | Anima\u00e7\u00e3o | Com\u00e9dia | Fam\u00edlia | Ano de Produ\u00e7\u00e3o: 2025 (Estados Unidos)<\/li>\n<li>A s\u00e9rie acompanha Batman, Alfred e Damian Wayne, o \u201cPequeno Batman\u201d, tentando equilibrar a vida em fam\u00edlia na Mans\u00e3o Wayne com a prote\u00e7\u00e3o de Gotham. Com novos moradores em casa e situa\u00e7\u00f5es divertidas do dia a dia, essa com\u00e9dia animada mostra que ser her\u00f3i pode ser dif\u00edcil, mas conviver em fam\u00edlia pode ser ainda mais.<\/li>\n<\/ul>\n<\/li>\n<\/ul>\n<p>Ter\u00e7a-feira \u2013 11\/11<\/p>\n<ul>\n<li><strong>Sacramento<\/strong>\n<ul>\n<li>Filme | Drama | Com\u00e9dia | Ano de Produ\u00e7\u00e3o: 2024 (Estados Unidos)<\/li>\n<li>Em Sacramento, um jovem extrovertido e esp\u00edrito livre chamado Rickey (Michael Angarano) convence seu antigo melhor amigo Glenn (Michael Cera) a embarcar numa viagem de carro de Los Angeles at\u00e9 Sacramento. Justamente ap\u00f3s a morte de seu pai, Rickey corre atr\u00e1s de restabelecer o v\u00ednculo perdido com Glenn, apesar do amigo viver uma vida completamente diferente e distante da sua. Casado e com um filho a caminho, Glenn se frusta com o Complexo de Peter Pan de Rickey, mas sua esposa Rosie (Kristen Stewart) o convence a aceitar essa aventura inesperada.<\/li>\n<\/ul>\n<\/li>\n<\/ul>\n<p>Quarta-feira \u2013 12\/11<\/p>\n<ul>\n<li><strong>Um Dia Fora de Controle<\/strong>\n<ul>\n<li>Filme | Original Prime Video | A\u00e7\u00e3o | Aventura | Com\u00e9dia | Ano de Produ\u00e7\u00e3o: 2025 (Estados Unidos)<\/li>\n<li>O filme acompanha um contador rec\u00e9m desempregado chamado Brian (Kevin James). Ele se torna um pai em tempo integral, cuidando do filho em casa. Um dia, ele aceita se reunir com um outro pai, o fort\u00e3o e carism\u00e1tico Jeff (Alan Ritchson), e seu filho para uma tarde tranquila de brincadeiras infantis, partidas de futebol americano e conversas fora. O que ele n\u00e3o imaginava era ser empurrado para uma ca\u00f3tica miss\u00e3o na qual precisar\u00e1 lutar para sobreviver ao ser perseguido por um grupo de mercen\u00e1rios.<\/li>\n<\/ul>\n<\/li>\n<\/ul>\n<p>Sexta-feira \u2013 14\/11<\/p>\n<ul>\n<li><strong>Maldade \u2013 Temporada 1<\/strong>\n<ul>\n<li>S\u00e9rie | Original Prime Video | Drama | Suspense | Ano de Produ\u00e7\u00e3o: 2025 (Reino Unido)<\/li>\n<li>O charmoso Adam Healey (Jack Whitehall) acaba de ser contratado pela rica e poderosa fam\u00edlia Tanner como um \u201cmanny\u201d. Sua nova fun\u00e7\u00e3o inclui cuidar das crian\u00e7as e realizar tarefas dom\u00e9sticas simples, mas suas verdadeiras inten\u00e7\u00f5es podem estar escondidas por tr\u00e1s de sua cordialidade e sorrisos.<\/li>\n<\/ul>\n<\/li>\n<\/ul>\n<ul>\n<li><strong>Ghostbusters: Apocalipse de Gelo<\/strong>\n<ul>\n<li>Filme | A\u00e7\u00e3o | Aventura | Fantasia | Ano de Produ\u00e7\u00e3o: 2024 (Estados Unidos)<\/li>\n<li>Nesta sequ\u00eancia da franquia Ghostbusters, a fam\u00edlia Spengler retorna para onde tudo come\u00e7ou: a famosa esta\u00e7\u00e3o de bombeiros em Nova York. Eles pretendem se unir com os ca\u00e7a-fantasmas originais que desenvolveram um laborat\u00f3rio ultra secreto de pesquisa para levar a ca\u00e7a aos fantasmas a outro n\u00edvel, mas quando a descoberta de um artefato antigo libera uma grande for\u00e7a do mal, os Ghostbusters das duas gera\u00e7\u00f5es precisam juntar as for\u00e7as para proteger suas casas e salvar o mundo de uma segunda Era do Gelo.<\/li>\n<\/ul>\n<\/li>\n<\/ul>\n<ul>\n<li><strong>Ainda Estou Aqui<\/strong>\n<ul>\n<li>Filme | Telecine | Drama | Suspense | Ano de Produ\u00e7\u00e3o: 2024 (Brasil)<\/li>\n<li>O filme \u00e9 uma adapta\u00e7\u00e3o do livro autobiogr\u00e1fico de Marcelo Rubens Paiva, que narra a emocionante trajet\u00f3ria de sua m\u00e3e, Eunice Paiva, durante a ditadura militar no Brasil. Ambientada em 1970, a hist\u00f3ria retrata como a vida de uma mulher casada com um importante pol\u00edtico muda drasticamente ap\u00f3s o desaparecimento dele, capturado pelo regime militar. For\u00e7ada a abandonar a rotina de dona de casa, Eunice (Fernanda Torres\/Fernanda Montenegro) se transforma numa ativista dos direitos humanos, lutando pela verdade sobre o paradeiro do marido e enfrentando as consequ\u00eancias brutais da repress\u00e3o.<\/li>\n<\/ul>\n<\/li>\n<\/ul>\n<p><strong>Leia mais:<\/strong><\/p>\n<p>Domingo \u2013 16\/11<\/p>\n<ul>\n<li><strong>Landman \u2013 Temporada 2<\/strong>\n<ul>\n<li>S\u00e9rie | Paramount+ | Drama | Ano de Produ\u00e7\u00e3o: 2025 (Estados Unidos)<\/li>\n<li>Landman mergulha nos bastidores das antigas boomtowns, cidades norte-americanas que experimentaram um crescimento mete\u00f3rico gra\u00e7as \u00e0 explora\u00e7\u00e3o petrol\u00edfera. Baseada no podcast Boomtown, de Christian Wallace, a s\u00e9rie retrata a busca por fortuna no mundo impiedoso do petr\u00f3leo, onde oper\u00e1rios enfrentam condi\u00e7\u00f5es extremas enquanto bilion\u00e1rios moldam os rumos da economia, da geopol\u00edtica e do meio ambiente. Ambientada no oeste do Texas, a narrativa exp\u00f5e o contraste entre trabalhadores que sustentam o setor e magnatas que comandam os neg\u00f3cios vorazes da extra\u00e7\u00e3o e refino.<\/li>\n<\/ul>\n<\/li>\n<\/ul>\n<p>\t\t\t\t\t&#13;<br \/>\n\t\t\t\t\t&#13;<\/p>\n<p><strong>Assista a filmes e s\u00e9ries<\/strong><\/p>\n<p>\n\t\tAssine <strong><a href=\"https:\/\/www.primevideo.com\/?tag=odofertas-20\" target=\"_blank\" rel=\"noopener sponsored nofollow\">Amazon Prime<\/a><\/strong> para assistir a filmes e s\u00e9ries populares, incluindo Amazon Originals premiados.<br \/>\n\t\tO <strong><a href=\"https:\/\/www.primevideo.com\/?tag=odofertas-20\" target=\"_blank\" rel=\"noopener sponsored nofollow\">Amazon Prime<\/a><\/strong> tamb\u00e9m inclui a entrega GR\u00c1TIS e r\u00e1pida de milhares de itens eleg\u00edveis,<br \/>\n\t\tmais de 2 milh\u00f5es de m\u00fasicas sem an\u00fancios e muito mais. Clique <a href=\"https:\/\/www.primevideo.com\/?tag=odofertas-20\" target=\"_blank\" rel=\"noopener sponsored nofollow\"><strong>aqui<\/strong> e comece seu teste <strong>GR\u00c1TIS<\/strong><\/a> por 30 dias!\n\t<\/p>\n<p>Pedro Spadoni \u00e9 jornalista formado pela Universidade Metodista de Piracicaba (Unimep). J\u00e1 escreveu para sites, revistas e at\u00e9 um jornal. No Olhar Digital, escreve sobre (quase) tudo.<\/p>\n<p>\t\t\t\t&#13;<br \/>\n\t\t\t\t\t&#13;<\/p>\n","protected":false},"excerpt":{"rendered":"Nesta semana, o cat\u00e1logo do Prime Video recebe a s\u00e9rie &#8220;Bat-Fam\u00edlia&#8221; e o filme &#8220;Um Dia Fora de&hellip;\n","protected":false},"author":2,"featured_media":146676,"comment_status":"","ping_status":"","sticky":false,"template":"","format":"standard","meta":{"footnotes":""},"categories":[140],"tags":[114,115,147,148,146,32,33],"class_list":{"0":"post-146675","1":"post","2":"type-post","3":"status-publish","4":"format-standard","5":"has-post-thumbnail","7":"category-filmes","8":"tag-entertainment","9":"tag-entretenimento","10":"tag-film","11":"tag-filmes","12":"tag-movies","13":"tag-portugal","14":"tag-pt"},"share_on_mastodon":{"url":"https:\/\/pubeurope.com\/@pt\/115526039296220487","error":""},"_links":{"self":[{"href":"https:\/\/www.europesays.com\/pt\/wp-json\/wp\/v2\/posts\/146675","targetHints":{"allow":["GET"]}}],"collection":[{"href":"https:\/\/www.europesays.com\/pt\/wp-json\/wp\/v2\/posts"}],"about":[{"href":"https:\/\/www.europesays.com\/pt\/wp-json\/wp\/v2\/types\/post"}],"author":[{"embeddable":true,"href":"https:\/\/www.europesays.com\/pt\/wp-json\/wp\/v2\/users\/2"}],"replies":[{"embeddable":true,"href":"https:\/\/www.europesays.com\/pt\/wp-json\/wp\/v2\/comments?post=146675"}],"version-history":[{"count":0,"href":"https:\/\/www.europesays.com\/pt\/wp-json\/wp\/v2\/posts\/146675\/revisions"}],"wp:featuredmedia":[{"embeddable":true,"href":"https:\/\/www.europesays.com\/pt\/wp-json\/wp\/v2\/media\/146676"}],"wp:attachment":[{"href":"https:\/\/www.europesays.com\/pt\/wp-json\/wp\/v2\/media?parent=146675"}],"wp:term":[{"taxonomy":"category","embeddable":true,"href":"https:\/\/www.europesays.com\/pt\/wp-json\/wp\/v2\/categories?post=146675"},{"taxonomy":"post_tag","embeddable":true,"href":"https:\/\/www.europesays.com\/pt\/wp-json\/wp\/v2\/tags?post=146675"}],"curies":[{"name":"wp","href":"https:\/\/api.w.org\/{rel}","templated":true}]}}