{"id":146714,"date":"2025-11-10T15:46:16","date_gmt":"2025-11-10T15:46:16","guid":{"rendered":"https:\/\/www.europesays.com\/pt\/146714\/"},"modified":"2025-11-10T15:46:16","modified_gmt":"2025-11-10T15:46:16","slug":"casa-dos-segredos-cristina-ferreira-surpreende-com-resposta-acida-para-mae-de-pedro-jorge-nao-vale-de-nada","status":"publish","type":"post","link":"https:\/\/www.europesays.com\/pt\/146714\/","title":{"rendered":"Casa dos Segredos &#8211; Cristina Ferreira surpreende com resposta \u00e1cida para m\u00e3e de Pedro Jorge: \u201cN\u00e3o vale de nada\u201d"},"content":{"rendered":"<p>Vota\u00e7\u00f5es suspensas! Hora de revelar o primeiro salvo, mas antes <strong>Cristina Ferreira<\/strong> quis saber a opini\u00e3o dos comentadores. A resposta foi un\u00e2nime: <strong>Pedro Jorge<\/strong>.<\/p>\n<p>A apresentadora aproveitou o momento para questionar <strong>a m\u00e3e<\/strong> do concorrente se estava com a mesma confian\u00e7a de que o seu filho teria a maior percentagem.<\/p>\n<p><strong>\u201cEu acredito sim que ele vai ser o primeiro salvo. Porque ele teve apoio de outras teams que eu n\u00e3o estava \u00e0 espera\u201d,<\/strong> respondeu a progenitora.<\/p>\n<blockquote>\n<p><strong>Leia tamb\u00e9m: Casa dos Segredos &#8211; <\/strong><a href=\"https:\/\/www.novagente.pt\/casa-dos-segredos-estudio-ao-rubro-pedro-jorge-recebe-onda-de-risos-por-resposta-iconica\" rel=\"nofollow noopener\" target=\"_blank\">Est\u00fadio ao rubro! Pedro Jorge recebe onda de risos por resposta ic\u00f3nica<\/a><\/p>\n<\/blockquote>\n<p><strong>\u201cAh, porque voc\u00eas v\u00e3o sabendo dessas coisas\u2026 Tenho uma coisa para lhe dizer: isso \u00e0s vezes n\u00e3o vale de nada\u201d<\/strong>, atirou logo a \u2018patroa\u2019 da <strong>TVI<\/strong>.<\/p>\n<p>Mas continuou: \u201cJ\u00e1 vi muita team e depois n\u00e3o ganha nada, mas pronto \u00e9 o que \u00e9\u201d.<\/p>\n<p>\u00a0<\/p>\n<p>Texto: Carolina Charrua; Fotos: Redes sociais<\/p>\n<p class=\"intagram-text\">Siga a Nova Gente no Instagram<\/p>\n<p>                        <a href=\"https:\/\/www.instagram.com\/revistanovagente\/\" target=\"_blank\" aria-label=\"instagram\" rel=\"noopener nofollow\"><img decoding=\"async\" style=\"display: block; margin-left: auto; margin-right: auto; width: 250px; height: 83px;\" src=\"https:\/\/www.europesays.com\/pt\/wp-content\/uploads\/2025\/11\/Instagram_NG.png\" alt=\"instagram\"\/><\/a><br \/>\n                    <script async src=\"\/\/www.instagram.com\/embed.js\"><\/script><\/p>\n","protected":false},"excerpt":{"rendered":"Vota\u00e7\u00f5es suspensas! Hora de revelar o primeiro salvo, mas antes Cristina Ferreira quis saber a opini\u00e3o dos comentadores.&hellip;\n","protected":false},"author":2,"featured_media":146715,"comment_status":"","ping_status":"","sticky":false,"template":"","format":"standard","meta":{"footnotes":""},"categories":[85],"tags":[2632,166,114,115,8204,21416,32,33,1315,162],"class_list":{"0":"post-146714","1":"post","2":"type-post","3":"status-publish","4":"format-standard","5":"has-post-thumbnail","7":"category-entretenimento","8":"tag-casa-dos-segredos","9":"tag-cristina-ferreira","10":"tag-entertainment","11":"tag-entretenimento","12":"tag-mae","13":"tag-pedro-jorge","14":"tag-portugal","15":"tag-pt","16":"tag-secret-story","17":"tag-tvi"},"share_on_mastodon":{"url":"https:\/\/pubeurope.com\/@pt\/115526185104524807","error":""},"_links":{"self":[{"href":"https:\/\/www.europesays.com\/pt\/wp-json\/wp\/v2\/posts\/146714","targetHints":{"allow":["GET"]}}],"collection":[{"href":"https:\/\/www.europesays.com\/pt\/wp-json\/wp\/v2\/posts"}],"about":[{"href":"https:\/\/www.europesays.com\/pt\/wp-json\/wp\/v2\/types\/post"}],"author":[{"embeddable":true,"href":"https:\/\/www.europesays.com\/pt\/wp-json\/wp\/v2\/users\/2"}],"replies":[{"embeddable":true,"href":"https:\/\/www.europesays.com\/pt\/wp-json\/wp\/v2\/comments?post=146714"}],"version-history":[{"count":0,"href":"https:\/\/www.europesays.com\/pt\/wp-json\/wp\/v2\/posts\/146714\/revisions"}],"wp:featuredmedia":[{"embeddable":true,"href":"https:\/\/www.europesays.com\/pt\/wp-json\/wp\/v2\/media\/146715"}],"wp:attachment":[{"href":"https:\/\/www.europesays.com\/pt\/wp-json\/wp\/v2\/media?parent=146714"}],"wp:term":[{"taxonomy":"category","embeddable":true,"href":"https:\/\/www.europesays.com\/pt\/wp-json\/wp\/v2\/categories?post=146714"},{"taxonomy":"post_tag","embeddable":true,"href":"https:\/\/www.europesays.com\/pt\/wp-json\/wp\/v2\/tags?post=146714"}],"curies":[{"name":"wp","href":"https:\/\/api.w.org\/{rel}","templated":true}]}}