{"id":146724,"date":"2025-11-10T15:57:22","date_gmt":"2025-11-10T15:57:22","guid":{"rendered":"https:\/\/www.europesays.com\/pt\/146724\/"},"modified":"2025-11-10T15:57:22","modified_gmt":"2025-11-10T15:57:22","slug":"prestes-a-casar-se-rita-matias-celebra-despedida-de-solteira","status":"publish","type":"post","link":"https:\/\/www.europesays.com\/pt\/146724\/","title":{"rendered":"Prestes a casar-se, Rita Matias celebra despedida de solteira"},"content":{"rendered":"<p>Foi no passado m\u00eas de junho que Rita Matias assumiu estar apaixonada por H\u00e9lio Filipe, seguran\u00e7a de <a href=\"https:\/\/selfie.iol.pt\/famosos\/andre-ventura\/andre-ventura-quando-estas-fraco-num-hospital-e-recebes-mensagens-como-esta\/20250516\/68271074d34e3f0bae9e3c8b\" target=\"_blank\" rel=\"nofollow noopener\">Andr\u00e9 Ventura<\/a>, em conversa com Cristina Ferreira, no programa &#8220;Dois \u00e0s 10&#8221;.<\/p>\n<p>A deputada do Chega, de 26 anos, revelou que a rela\u00e7\u00e3o &#8220;j\u00e1 dura h\u00e1 algum tempo&#8221; e surpreendeu a apresentadora ao confessar o desejo de se casar\u00a0na mesma igreja onde casaram os pais e os av\u00f3s, no Seixal: &#8220;J\u00e1 esteve mais longe de acontecer. Se ele estiver a ver l\u00e1 em casa&#8230;&#8221;.<\/p>\n<p>Conservadora assumida, agora <a href=\"https:\/\/selfie.iol.pt\/famosos\/rita-matias\/apaixonada-rita-matias-fala-em-casamento-com-seguranca-de-andre-ventura-ja-esteve-mais-longe\/20250627\/685e8003d34ef72ee447abfa\" target=\"_blank\" rel=\"nofollow noopener\">Rita Matias<\/a> est\u00e1 prestes a casar-se e, no Instagram, partilhou v\u00e1rios registos da festa de despedida de solteira que celebrou com um grupo de amigos.<\/p>\n<p>&#8220;Entre cocktails, amigas, a visita surpresa do Presidente da C\u00e2mara de Albufeira e muito karaoke, foi uma despedida de solteira simplesmente inesquec\u00edvel!&#8221;, escreveu a noiva, na legenda dos registos que partilhou.<\/p>\n<p>Veja, agora, a galeria com as imagens da festa de despedida de solteira de Rita Matias.<\/p>\n","protected":false},"excerpt":{"rendered":"Foi no passado m\u00eas de junho que Rita Matias assumiu estar apaixonada por H\u00e9lio Filipe, seguran\u00e7a de Andr\u00e9&hellip;\n","protected":false},"author":2,"featured_media":146725,"comment_status":"","ping_status":"","sticky":false,"template":"","format":"standard","meta":{"footnotes":""},"categories":[145],"tags":[211,210,1736,32077,114,115,980,1015,619,32,33,19868,1012],"class_list":{"0":"post-146724","1":"post","2":"type-post","3":"status-publish","4":"format-standard","5":"has-post-thumbnail","7":"category-celebridades","8":"tag-celebridades","9":"tag-celebrities","10":"tag-chega","11":"tag-despedida-de-solteira","12":"tag-entertainment","13":"tag-entretenimento","14":"tag-famosos","15":"tag-instagram","16":"tag-nacional","17":"tag-portugal","18":"tag-pt","19":"tag-rita-matias","20":"tag-selfie"},"share_on_mastodon":{"url":"","error":""},"_links":{"self":[{"href":"https:\/\/www.europesays.com\/pt\/wp-json\/wp\/v2\/posts\/146724","targetHints":{"allow":["GET"]}}],"collection":[{"href":"https:\/\/www.europesays.com\/pt\/wp-json\/wp\/v2\/posts"}],"about":[{"href":"https:\/\/www.europesays.com\/pt\/wp-json\/wp\/v2\/types\/post"}],"author":[{"embeddable":true,"href":"https:\/\/www.europesays.com\/pt\/wp-json\/wp\/v2\/users\/2"}],"replies":[{"embeddable":true,"href":"https:\/\/www.europesays.com\/pt\/wp-json\/wp\/v2\/comments?post=146724"}],"version-history":[{"count":0,"href":"https:\/\/www.europesays.com\/pt\/wp-json\/wp\/v2\/posts\/146724\/revisions"}],"wp:featuredmedia":[{"embeddable":true,"href":"https:\/\/www.europesays.com\/pt\/wp-json\/wp\/v2\/media\/146725"}],"wp:attachment":[{"href":"https:\/\/www.europesays.com\/pt\/wp-json\/wp\/v2\/media?parent=146724"}],"wp:term":[{"taxonomy":"category","embeddable":true,"href":"https:\/\/www.europesays.com\/pt\/wp-json\/wp\/v2\/categories?post=146724"},{"taxonomy":"post_tag","embeddable":true,"href":"https:\/\/www.europesays.com\/pt\/wp-json\/wp\/v2\/tags?post=146724"}],"curies":[{"name":"wp","href":"https:\/\/api.w.org\/{rel}","templated":true}]}}