{"id":146726,"date":"2025-11-10T15:58:29","date_gmt":"2025-11-10T15:58:29","guid":{"rendered":"https:\/\/www.europesays.com\/pt\/146726\/"},"modified":"2025-11-10T15:58:29","modified_gmt":"2025-11-10T15:58:29","slug":"homem-esfaqueado-de-madrugada-na-feira-da-golega","status":"publish","type":"post","link":"https:\/\/www.europesays.com\/pt\/146726\/","title":{"rendered":"Homem esfaqueado de madrugada na Feira da Goleg\u00e3"},"content":{"rendered":"<p>Um homem foi esfaqueado esta segunda-feira de madrugada na Feira Nacional do Cavalo, na Goleg\u00e3.<\/p>\n<p>A v\u00edtima, entre os 30 e os 35 anos, foi transferida para o Hospital de Abrantes com ferimentos considerados, segundo a publica\u00e7\u00e3o regional Not\u00edcias do Sorraia.<\/p>\n<p>O homem ter\u00e1 sido esfaqueado durante uma rixa ocorrida, tendo sido encontrado pela GNR na zona envolvente ao recinto da feira.<\/p>\n<p>O alerta para os bombeiros foi dado de imediato, as equipa de socorro conseguiu estabiliz\u00e1-lo no local e depois foi transportado para o hospital<\/p>\n<p>A investiga\u00e7\u00e3o do caso est\u00e1 agora a cargo do Pol\u00edcia Judici\u00e1ria.<\/p>\n","protected":false},"excerpt":{"rendered":"Um homem foi esfaqueado esta segunda-feira de madrugada na Feira Nacional do Cavalo, na Goleg\u00e3. A v\u00edtima, entre&hellip;\n","protected":false},"author":2,"featured_media":146727,"comment_status":"","ping_status":"","sticky":false,"template":"","format":"standard","meta":{"footnotes":""},"categories":[10],"tags":[27,28,17889,15,16,32078,2002,32079,14,25,26,21,22,12,13,19,20,32,23,24,33,32080,17,18,29,30,31],"class_list":{"0":"post-146726","1":"post","2":"type-post","3":"status-publish","4":"format-standard","5":"has-post-thumbnail","7":"category-portugal","8":"tag-breaking-news","9":"tag-breakingnews","10":"tag-esfaqueamento","11":"tag-featured-news","12":"tag-featurednews","13":"tag-feira-do-cavalo","14":"tag-gnr","15":"tag-golega","16":"tag-headlines","17":"tag-latest-news","18":"tag-latestnews","19":"tag-main-news","20":"tag-mainnews","21":"tag-news","22":"tag-noticias","23":"tag-noticias-principais","24":"tag-noticiasprincipais","25":"tag-portugal","26":"tag-principais-noticias","27":"tag-principaisnoticias","28":"tag-pt","29":"tag-rixa","30":"tag-top-stories","31":"tag-topstories","32":"tag-ultimas","33":"tag-ultimas-noticias","34":"tag-ultimasnoticias"},"share_on_mastodon":{"url":"https:\/\/pubeurope.com\/@pt\/115526231897903269","error":""},"_links":{"self":[{"href":"https:\/\/www.europesays.com\/pt\/wp-json\/wp\/v2\/posts\/146726","targetHints":{"allow":["GET"]}}],"collection":[{"href":"https:\/\/www.europesays.com\/pt\/wp-json\/wp\/v2\/posts"}],"about":[{"href":"https:\/\/www.europesays.com\/pt\/wp-json\/wp\/v2\/types\/post"}],"author":[{"embeddable":true,"href":"https:\/\/www.europesays.com\/pt\/wp-json\/wp\/v2\/users\/2"}],"replies":[{"embeddable":true,"href":"https:\/\/www.europesays.com\/pt\/wp-json\/wp\/v2\/comments?post=146726"}],"version-history":[{"count":0,"href":"https:\/\/www.europesays.com\/pt\/wp-json\/wp\/v2\/posts\/146726\/revisions"}],"wp:featuredmedia":[{"embeddable":true,"href":"https:\/\/www.europesays.com\/pt\/wp-json\/wp\/v2\/media\/146727"}],"wp:attachment":[{"href":"https:\/\/www.europesays.com\/pt\/wp-json\/wp\/v2\/media?parent=146726"}],"wp:term":[{"taxonomy":"category","embeddable":true,"href":"https:\/\/www.europesays.com\/pt\/wp-json\/wp\/v2\/categories?post=146726"},{"taxonomy":"post_tag","embeddable":true,"href":"https:\/\/www.europesays.com\/pt\/wp-json\/wp\/v2\/tags?post=146726"}],"curies":[{"name":"wp","href":"https:\/\/api.w.org\/{rel}","templated":true}]}}