{"id":146762,"date":"2025-11-10T16:31:09","date_gmt":"2025-11-10T16:31:09","guid":{"rendered":"https:\/\/www.europesays.com\/pt\/146762\/"},"modified":"2025-11-10T16:31:09","modified_gmt":"2025-11-10T16:31:09","slug":"ticiane-pinheiro-posa-de-biquini-em-miami-ferias-iniciadas-com-sucesso","status":"publish","type":"post","link":"https:\/\/www.europesays.com\/pt\/146762\/","title":{"rendered":"Ticiane Pinheiro posa de biqu\u00edni em Miami: &#8220;F\u00e9rias iniciadas com sucesso&#8221;"},"content":{"rendered":"<p><a href=\"https:\/\/natelinha.uol.com.br\/famosos\/tudo-sobre\/ticiane-pinheiro\" rel=\"nofollow noopener\" target=\"_blank\">Ticiane Pinheiro<\/a> &#8220;segundou&#8221; de maneira diferente. A apresentadora curte dias de descanso em Miami, nos Estados Unidos. &#8220;F\u00e9rias iniciadas com sucesso&#8221;, escreveu a contratada da Record.<\/p>\n<p>&#8220;Musa! Voc\u00ea est\u00e1 exuberante! Boas f\u00e9rias&#8221;, escreveu uma f\u00e3. &#8220;SOS Malibu! Id\u00eantica&#8221;, elogiou outra. &#8220;Mulher\u00e3o maravilhosa, \u00f3timo dia pra voc\u00ea&#8221;, pontuou um seguidor.<\/p>\n<p>+\u00a0<a href=\"https:\/\/natelinha.uol.com.br\/famosos\/2025\/11\/10\/apos-eliminacao-na-danca-dos-famosos-nicole-bahls-diz-era-o-que-deus-tinha-reservado-233717.php\" rel=\"nofollow noopener\" target=\"_blank\">Ap\u00f3s elimina\u00e7\u00e3o na Dan\u00e7a dos Famosos, Nicole Bahls diz: &#8220;Era o que Deus tinha reservado&#8221;<\/a><\/p>\n<p>continua depois da publicidade<\/p>\n<p>+\u00a0<a href=\"https:\/\/natelinha.uol.com.br\/mercado\/2025\/11\/10\/documentario-sobre-jogo-do-bicho-e-o-mais-visto-da-historia-do-globoplay-233713.php\" rel=\"nofollow noopener\" target=\"_blank\">Document\u00e1rio sobre jogo do bicho \u00e9 o mais visto da hist\u00f3ria do Globoplay<\/a><\/p>\n<p>Veja a publica\u00e7\u00e3o na praia americana:<\/p>\n<blockquote class=\"instagram-media\" data-instgrm-captioned=\"\" data-instgrm-version=\"7\" style=\"width:100%;\"><p>\n\t\t\t\t\t\t\t\t\t<a href=\"https:\/\/www.instagram.com\/p\/DQ4J0FTjiYc\/\" rel=\"nofollow noopener\" target=\"_blank\">\n\t\t\t\t\t\t\t\t<\/p><\/blockquote>\n<p>Ticiane Pinheiro entra de f\u00e9rias<\/p>\n<p>Nos Stories, ela registrou o embarque ao lado da irm\u00e3 Kiki Pinheiro e Buby Pinheiro. A apresentadora da Record vive dias decisivos na emissora.<\/p>\n<p>Seu contrato com o canal n\u00e3o teve sua renova\u00e7\u00e3o anunciada at\u00e9 agora. Ele vence no pr\u00f3ximo m\u00eas. O marido C\u00e9sar Tralli j\u00e1 se mudou para o Rio de Janeiro e apresenta o Jornal Nacional desde a semana passada.<\/p>\n<p>Ao GShow, o jornalista afirmou querer a fam\u00edlia por perto: &#8220;Inclusive, a gente quer trazer a m\u00e3e e o pai dela. Os pais est\u00e3o morando em S\u00e3o Paulo e est\u00e3o empolgad\u00edssimos em voltar a morar no Rio de Janeiro. Meu sogro est\u00e1 doido para voltar para c\u00e1&#8221;.<\/p>\n<p>continua depois da publicidade<\/p>\n<p>                    <script async src=\"\/\/www.instagram.com\/embed.js\"><\/script><\/p>\n","protected":false},"excerpt":{"rendered":"Ticiane Pinheiro &#8220;segundou&#8221; de maneira diferente. A apresentadora curte dias de descanso em Miami, nos Estados Unidos. &#8220;F\u00e9rias&hellip;\n","protected":false},"author":2,"featured_media":146763,"comment_status":"","ping_status":"","sticky":false,"template":"","format":"standard","meta":{"footnotes":""},"categories":[145],"tags":[211,210,114,115,32,33,4787],"class_list":{"0":"post-146762","1":"post","2":"type-post","3":"status-publish","4":"format-standard","5":"has-post-thumbnail","7":"category-celebridades","8":"tag-celebridades","9":"tag-celebrities","10":"tag-entertainment","11":"tag-entretenimento","12":"tag-portugal","13":"tag-pt","14":"tag-ticiane-pinheiro"},"share_on_mastodon":{"url":"https:\/\/pubeurope.com\/@pt\/115526361572826717","error":""},"_links":{"self":[{"href":"https:\/\/www.europesays.com\/pt\/wp-json\/wp\/v2\/posts\/146762","targetHints":{"allow":["GET"]}}],"collection":[{"href":"https:\/\/www.europesays.com\/pt\/wp-json\/wp\/v2\/posts"}],"about":[{"href":"https:\/\/www.europesays.com\/pt\/wp-json\/wp\/v2\/types\/post"}],"author":[{"embeddable":true,"href":"https:\/\/www.europesays.com\/pt\/wp-json\/wp\/v2\/users\/2"}],"replies":[{"embeddable":true,"href":"https:\/\/www.europesays.com\/pt\/wp-json\/wp\/v2\/comments?post=146762"}],"version-history":[{"count":0,"href":"https:\/\/www.europesays.com\/pt\/wp-json\/wp\/v2\/posts\/146762\/revisions"}],"wp:featuredmedia":[{"embeddable":true,"href":"https:\/\/www.europesays.com\/pt\/wp-json\/wp\/v2\/media\/146763"}],"wp:attachment":[{"href":"https:\/\/www.europesays.com\/pt\/wp-json\/wp\/v2\/media?parent=146762"}],"wp:term":[{"taxonomy":"category","embeddable":true,"href":"https:\/\/www.europesays.com\/pt\/wp-json\/wp\/v2\/categories?post=146762"},{"taxonomy":"post_tag","embeddable":true,"href":"https:\/\/www.europesays.com\/pt\/wp-json\/wp\/v2\/tags?post=146762"}],"curies":[{"name":"wp","href":"https:\/\/api.w.org\/{rel}","templated":true}]}}