{"id":146768,"date":"2025-11-10T16:37:10","date_gmt":"2025-11-10T16:37:10","guid":{"rendered":"https:\/\/www.europesays.com\/pt\/146768\/"},"modified":"2025-11-10T16:37:10","modified_gmt":"2025-11-10T16:37:10","slug":"farioli-bednarek-precisa-de-ficar-connosco-e-descansar","status":"publish","type":"post","link":"https:\/\/www.europesays.com\/pt\/146768\/","title":{"rendered":"Farioli: \u00abBednarek precisa de ficar connosco e descansar\u00bb"},"content":{"rendered":"<p>Jan Bednarek marcou o in\u00edcio da vit\u00f3ria do FC Porto frente ao Famalic\u00e3o, por <a href=\"https:\/\/maisfutebol.iol.pt\/jogo\/aominuto\/13828218\" target=\"_blank\" rel=\"nofollow noopener\">1-0<\/a>, ao sair com queixas f\u00edsicas tendo sido substitu\u00eddo por Pablo Rosario.<\/p>\n<p>No final do encontro, em declara\u00e7\u00f5es \u00e0 Sport TV, Francesco Farioli garantiu que o defesa vai ficar em Portugal e que <a href=\"https:\/\/maisfutebol.iol.pt\/polonia\/bednarek\/fc-porto-bednarek-e-kiwior-entre-os-convocados-para-a-polonia\" target=\"_blank\" rel=\"nofollow noopener\">n\u00e3o vai representar a sele\u00e7\u00e3o polaca<\/a> nesta pr\u00f3xima paragem internacional.<\/p>\n<p>\u00abO m\u00e9dico est\u00e1 bastante positivo. Ele teve alguma dor depois do jogo em Utrecht. Nos \u00faltimos dois dias sentiu-se bem, por isso, ontem o treino foi bom, mas hoje em campo n\u00e3o estava bem. Agora precisa de ficar connosco, descansar devidamente, e veremos depois\u00bb, disse o t\u00e9cnico dos drag\u00f5es.<\/p>\n<p>De recordar, Bednarek saiu aos 20 minutos do duelo entre Famalic\u00e3o e FC Porto.<\/p>\n","protected":false},"excerpt":{"rendered":"Jan Bednarek marcou o in\u00edcio da vit\u00f3ria do FC Porto frente ao Famalic\u00e3o, por 1-0, ao sair com&hellip;\n","protected":false},"author":2,"featured_media":145934,"comment_status":"","ping_status":"","sticky":false,"template":"","format":"standard","meta":{"footnotes":""},"categories":[87],"tags":[3041,135,5879,282,1011,36,46,32,33,47,134],"class_list":{"0":"post-146768","1":"post","2":"type-post","3":"status-publish","4":"format-standard","5":"has-post-thumbnail","7":"category-desporto","8":"tag-bednarek","9":"tag-desporto","10":"tag-famalicao","11":"tag-fc-porto","12":"tag-francesco-farioli","13":"tag-liga","14":"tag-maisfutebol","15":"tag-portugal","16":"tag-pt","17":"tag-pura-paixao","18":"tag-sports"},"share_on_mastodon":{"url":"https:\/\/pubeurope.com\/@pt\/115526385430338915","error":""},"_links":{"self":[{"href":"https:\/\/www.europesays.com\/pt\/wp-json\/wp\/v2\/posts\/146768","targetHints":{"allow":["GET"]}}],"collection":[{"href":"https:\/\/www.europesays.com\/pt\/wp-json\/wp\/v2\/posts"}],"about":[{"href":"https:\/\/www.europesays.com\/pt\/wp-json\/wp\/v2\/types\/post"}],"author":[{"embeddable":true,"href":"https:\/\/www.europesays.com\/pt\/wp-json\/wp\/v2\/users\/2"}],"replies":[{"embeddable":true,"href":"https:\/\/www.europesays.com\/pt\/wp-json\/wp\/v2\/comments?post=146768"}],"version-history":[{"count":0,"href":"https:\/\/www.europesays.com\/pt\/wp-json\/wp\/v2\/posts\/146768\/revisions"}],"wp:featuredmedia":[{"embeddable":true,"href":"https:\/\/www.europesays.com\/pt\/wp-json\/wp\/v2\/media\/145934"}],"wp:attachment":[{"href":"https:\/\/www.europesays.com\/pt\/wp-json\/wp\/v2\/media?parent=146768"}],"wp:term":[{"taxonomy":"category","embeddable":true,"href":"https:\/\/www.europesays.com\/pt\/wp-json\/wp\/v2\/categories?post=146768"},{"taxonomy":"post_tag","embeddable":true,"href":"https:\/\/www.europesays.com\/pt\/wp-json\/wp\/v2\/tags?post=146768"}],"curies":[{"name":"wp","href":"https:\/\/api.w.org\/{rel}","templated":true}]}}