{"id":146781,"date":"2025-11-10T16:45:09","date_gmt":"2025-11-10T16:45:09","guid":{"rendered":"https:\/\/www.europesays.com\/pt\/146781\/"},"modified":"2025-11-10T16:45:09","modified_gmt":"2025-11-10T16:45:09","slug":"neymar-pai-faz-acordo-milionario-com-luciana-gimenez-entenda-mais","status":"publish","type":"post","link":"https:\/\/www.europesays.com\/pt\/146781\/","title":{"rendered":"Neymar pai faz acordo milion\u00e1rio com Luciana Gimenez; entenda mais"},"content":{"rendered":"<p>\n\t\t\t\t\t\tO pai do jogador Neymar Jr. \u00e9 o novo propriet\u00e1rio de um tr\u00edplex de S\u00e3o Paulo \/ Reprodu\u00e7\u00e3o\/Instagram\n\t\t\t\t\t<\/p>\n<p><a href=\"https:\/\/www.diariodolitoral.com.br\/tags\/neymar\/\" rel=\"nofollow noopener\" target=\"_blank\">Neymar<\/a> da Silva Santos, o\u00a0pai do jogador Neymar Jr., \u00e9 o novo propriet\u00e1rio do luxuoso tr\u00edplex de S\u00e3o Paulo que pertencia \u00e0\u00a0apresentadora Luciana Gimenez e ao empres\u00e1rio Marcelo de Carvalho. O im\u00f3vel estava dispon\u00edvel no mercado desde 2018.<\/p>\n<p><strong>Fa\u00e7a parte do grupo do Di\u00e1rio no <\/strong><a href=\"https:\/\/bit.ly\/CanalDiarioDoLitoral\" target=\"_blank\" rel=\"nofollow noopener\">WhatsApp<\/a> <strong>e<\/strong> <a href=\"https:\/\/t.me\/diariodolitoral\" target=\"_blank\" rel=\"nofollow\">Telegram<\/a><strong>.<br \/>Mantenha-se bem informado.<\/strong><\/p>\n<p>Inicialmente, o ex-casal pedia R$ 80 milh\u00f5es, mas v\u00e1rios descontos foram oferecidos para que o apartamento desencalhasse. \u00c9 curioso citar que o valor final da negocia\u00e7\u00e3o n\u00e3o foi revelado.\n\t\t\t<\/p>\n<p class=\"texto-continue listagem-detalhe\">Continua depois da publicidade<\/p>\n<p>A venda do im\u00f3vel havia sido noticiada no quadro &#8220;A Hora da Venenosa, da Record&#8221;, na semana passada, mas a identidade do comprador foi divulgada\u00a0apenas neste domingo (9) pelo Portal Leo Dias. As equipes de Neymar e de Luciana Gimenez n\u00e3o comentam a negocia\u00e7\u00e3o.<\/p>\n<p>Casa de bacana<\/p>\n<p>Apontado como um dos apartamentos mais caros do Brasil, o im\u00f3vel de 1,8 mil metros quadrados chegou a ter o visual repaginado em 2022, com novas cores e um ar mais moderno, para ajudar no desencalhe. Na \u00e9poca, o pre\u00e7o j\u00e1 havia baixado para R$ 70 milh\u00f5es.\n\t\t\t<\/p>\n<p class=\"texto-continue listagem-detalhe\">Continua depois da publicidade<\/p>\n<p>A propriedade \u00e9 fruto da jun\u00e7\u00e3o de dois apartamentos da cobertura, localizada no condom\u00ednio Parque Cidade Jardim, na zona sul de S\u00e3o Paulo. O ex-casal, Luciana e Marcelo de Carvalho, morou\u00a0no local at\u00e9 a separa\u00e7\u00e3o\u00a0em 2018, quando passaram a tentar vender a propriedade, sem sucesso.<\/p>\n<p>A cobertura conta com sete su\u00edtes, sendo a principal equipada com banheira, sala de massagem, esta\u00e7\u00e3o para cabeleireiro e maquiador, e um closet espa\u00e7oso. H\u00e1 um elevador privativo, que conecta o apartamento ao estacionamento do condom\u00ednio e ao shopping Cidade Jardim.<\/p>\n<p>J\u00e1 na parte de entretenimento, o tr\u00edplex oferece adega, est\u00fadio de m\u00fasica, sal\u00e3o de jogos, sala de estar para a fam\u00edlia, sala de cinema privativa, cobertura com churrasqueira, lounge e vista da cidade, al\u00e9m de mais de dez vagas na garagem.\n\t\t\t<\/p>\n<p class=\"texto-continue listagem-detalhe\">Continua depois da publicidade<\/p>\n<p>Leil\u00e3o de gringo<\/p>\n<p>No in\u00edcio deste ano, o apartamento chegou a ser listado pela Sotheby&#8217;s como dispon\u00edvel para leil\u00e3o. Na venda internacional, o im\u00f3vel receberia um desconto mais do que generoso, o lance inicial era de US$ 4 milh\u00f5es (R$ 21,3 milh\u00f5es, na cota\u00e7\u00e3o atual). O leil\u00e3o, por\u00e9m, foi cancelado sem explica\u00e7\u00e3o.<\/p>\n<p>Al\u00e9m de desembolsar uma bolada para comprar o im\u00f3vel, o pai de Neymar ter\u00e1 de arcar com uma taxa de condom\u00ednio de R$ 34.836 e outros R$ 13.690 apenas de IPTU (Imposto sobre a Propriedade Predial e Territorial Urbana).<\/p>\n","protected":false},"excerpt":{"rendered":"O pai do jogador Neymar Jr. \u00e9 o novo propriet\u00e1rio de um tr\u00edplex de S\u00e3o Paulo \/ Reprodu\u00e7\u00e3o\/Instagram&hellip;\n","protected":false},"author":2,"featured_media":146782,"comment_status":"","ping_status":"","sticky":false,"template":"","format":"standard","meta":{"footnotes":""},"categories":[145],"tags":[211,210,114,115,2455,1996,32,33],"class_list":{"0":"post-146781","1":"post","2":"type-post","3":"status-publish","4":"format-standard","5":"has-post-thumbnail","7":"category-celebridades","8":"tag-celebridades","9":"tag-celebrities","10":"tag-entertainment","11":"tag-entretenimento","12":"tag-imoveis","13":"tag-neymar","14":"tag-portugal","15":"tag-pt"},"share_on_mastodon":{"url":"https:\/\/pubeurope.com\/@pt\/115526416692566411","error":""},"_links":{"self":[{"href":"https:\/\/www.europesays.com\/pt\/wp-json\/wp\/v2\/posts\/146781","targetHints":{"allow":["GET"]}}],"collection":[{"href":"https:\/\/www.europesays.com\/pt\/wp-json\/wp\/v2\/posts"}],"about":[{"href":"https:\/\/www.europesays.com\/pt\/wp-json\/wp\/v2\/types\/post"}],"author":[{"embeddable":true,"href":"https:\/\/www.europesays.com\/pt\/wp-json\/wp\/v2\/users\/2"}],"replies":[{"embeddable":true,"href":"https:\/\/www.europesays.com\/pt\/wp-json\/wp\/v2\/comments?post=146781"}],"version-history":[{"count":0,"href":"https:\/\/www.europesays.com\/pt\/wp-json\/wp\/v2\/posts\/146781\/revisions"}],"wp:featuredmedia":[{"embeddable":true,"href":"https:\/\/www.europesays.com\/pt\/wp-json\/wp\/v2\/media\/146782"}],"wp:attachment":[{"href":"https:\/\/www.europesays.com\/pt\/wp-json\/wp\/v2\/media?parent=146781"}],"wp:term":[{"taxonomy":"category","embeddable":true,"href":"https:\/\/www.europesays.com\/pt\/wp-json\/wp\/v2\/categories?post=146781"},{"taxonomy":"post_tag","embeddable":true,"href":"https:\/\/www.europesays.com\/pt\/wp-json\/wp\/v2\/tags?post=146781"}],"curies":[{"name":"wp","href":"https:\/\/api.w.org\/{rel}","templated":true}]}}