{"id":146787,"date":"2025-11-10T16:52:10","date_gmt":"2025-11-10T16:52:10","guid":{"rendered":"https:\/\/www.europesays.com\/pt\/146787\/"},"modified":"2025-11-10T16:52:10","modified_gmt":"2025-11-10T16:52:10","slug":"canada-perde-estatuto-de-eliminacao-do-sarampo-apos-quase-30-anos","status":"publish","type":"post","link":"https:\/\/www.europesays.com\/pt\/146787\/","title":{"rendered":"Canad\u00e1 perde estatuto de elimina\u00e7\u00e3o do sarampo ap\u00f3s quase 30 anos"},"content":{"rendered":"<p>\n         Publicado a<br \/>\n            10\/11\/2025 &#8211; 17:16 GMT+1\n            <\/p>\n<p>O Canad\u00e1 perdeu o estatuto de elimina\u00e7\u00e3o do sarampo, quase tr\u00eas d\u00e9cadas depois de ter sido certificado como livre desta doen\u00e7a altamente contagiosa.<\/p>\n<p>O pa\u00eds enfrenta um surto de sarampo de grande dimens\u00e3o desde outubro de 2024. Este ano, foram registados mais de 5 100 casos e duas mortes em dez jurisdi\u00e7\u00f5es.<\/p>\n<p>O Canad\u00e1 foi declarado livre de sarampo pela primeira vez em 1998. A Ag\u00eancia de Sa\u00fade P\u00fablica do Canad\u00e1 disse na segunda-feira que perdeu este estatuto porque a mesma estirpe do sarampo se tem propagado sem controlo h\u00e1 mais de um ano.<\/p>\n<p>\u201cEmbora a transmiss\u00e3o tenha abrandado recentemente, o surto persiste h\u00e1 mais de 12 meses, sobretudo em comunidades com baixa cobertura vacinal\u201d, afirmou a ag\u00eancia.<\/p>\n<p>At\u00e9 agora este ano, 88% dos casos de sarampo ocorreram em pessoas n\u00e3o vacinadas, mostram dados nacionais de sa\u00fade.<\/p>\n<p>O sarampo \u00e9 t\u00e3o contagioso que uma pessoa n\u00e3o vacinada pode adoecer ao entrar numa sala onde uma pessoa infetada tenha tossido ou espirrado at\u00e9 duas horas antes, mesmo que entretanto j\u00e1 tenha sa\u00eddo.<\/p>\n<p>As autoridades de sa\u00fade dizem que pelo menos 95% de uma comunidade deve estar imunizada com duas doses para evitar surtos de sarampo e proteger pessoas vulner\u00e1veis que n\u00e3o podem ser vacinadas, como os beb\u00e9s.<\/p>\n<p>A Ag\u00eancia de Sa\u00fade P\u00fablica do Canad\u00e1 disse estar a trabalhar com a Organiza\u00e7\u00e3o Pan-Americana da Sa\u00fade (OPAS) para aumentar as taxas de vacina\u00e7\u00e3o e melhorar os programas de partilha de dados e de vigil\u00e2ncia.<\/p>\n<p>O pa\u00eds poder\u00e1 recuperar o estatuto de elimina\u00e7\u00e3o do sarampo se conseguir interromper a propaga\u00e7\u00e3o da estirpe atual durante pelo menos um ano.<\/p>\n<p>O surto coincide com um aumento de casos de sarampo em toda a Europa nos \u00faltimos anos. Em 2024, foram notificados mais de 35 000 casos na Uni\u00e3o Europeia, Isl\u00e2ndia, Liechtenstein e Noruega.<\/p>\n<p>\u00c9 um aumento dez vezes superior ao do ano anterior, segundo o Centro Europeu de Preven\u00e7\u00e3o e Controlo das Doen\u00e7as (ECDC).<\/p>\n<p>Em parte nenhuma do mundo o sarampo foi totalmente eliminado. No final de 2023, a doen\u00e7a continuava end\u00e9mica em nove pa\u00edses da regi\u00e3o europeia da Organiza\u00e7\u00e3o Mundial da Sa\u00fade (OMS), que inclui a \u00c1sia Central.<\/p>\n","protected":false},"excerpt":{"rendered":"Publicado a 10\/11\/2025 &#8211; 17:16 GMT+1 O Canad\u00e1 perdeu o estatuto de elimina\u00e7\u00e3o do sarampo, quase tr\u00eas d\u00e9cadas&hellip;\n","protected":false},"author":2,"featured_media":146788,"comment_status":"","ping_status":"","sticky":false,"template":"","format":"standard","meta":{"footnotes":""},"categories":[86],"tags":[2965,116,32,33,1670,117,896,2782],"class_list":{"0":"post-146787","1":"post","2":"type-post","3":"status-publish","4":"format-standard","5":"has-post-thumbnail","7":"category-saude","8":"tag-canada","9":"tag-health","10":"tag-portugal","11":"tag-pt","12":"tag-sarampo","13":"tag-saude","14":"tag-saude-publica","15":"tag-vacinas"},"share_on_mastodon":{"url":"https:\/\/pubeurope.com\/@pt\/115526444351729716","error":""},"_links":{"self":[{"href":"https:\/\/www.europesays.com\/pt\/wp-json\/wp\/v2\/posts\/146787","targetHints":{"allow":["GET"]}}],"collection":[{"href":"https:\/\/www.europesays.com\/pt\/wp-json\/wp\/v2\/posts"}],"about":[{"href":"https:\/\/www.europesays.com\/pt\/wp-json\/wp\/v2\/types\/post"}],"author":[{"embeddable":true,"href":"https:\/\/www.europesays.com\/pt\/wp-json\/wp\/v2\/users\/2"}],"replies":[{"embeddable":true,"href":"https:\/\/www.europesays.com\/pt\/wp-json\/wp\/v2\/comments?post=146787"}],"version-history":[{"count":0,"href":"https:\/\/www.europesays.com\/pt\/wp-json\/wp\/v2\/posts\/146787\/revisions"}],"wp:featuredmedia":[{"embeddable":true,"href":"https:\/\/www.europesays.com\/pt\/wp-json\/wp\/v2\/media\/146788"}],"wp:attachment":[{"href":"https:\/\/www.europesays.com\/pt\/wp-json\/wp\/v2\/media?parent=146787"}],"wp:term":[{"taxonomy":"category","embeddable":true,"href":"https:\/\/www.europesays.com\/pt\/wp-json\/wp\/v2\/categories?post=146787"},{"taxonomy":"post_tag","embeddable":true,"href":"https:\/\/www.europesays.com\/pt\/wp-json\/wp\/v2\/tags?post=146787"}],"curies":[{"name":"wp","href":"https:\/\/api.w.org\/{rel}","templated":true}]}}