{"id":146805,"date":"2025-11-10T17:11:17","date_gmt":"2025-11-10T17:11:17","guid":{"rendered":"https:\/\/www.europesays.com\/pt\/146805\/"},"modified":"2025-11-10T17:11:17","modified_gmt":"2025-11-10T17:11:17","slug":"ceu-astrologico-da-semana-de-10-a-16-de-novembro-de-2025-das-tensoes-as-boas-noticias","status":"publish","type":"post","link":"https:\/\/www.europesays.com\/pt\/146805\/","title":{"rendered":"C\u00e9u astrol\u00f3gico da semana de 10 a 16 de novembro de 2025: das tens\u00f5es \u00e0s boas not\u00edcias"},"content":{"rendered":"<p data-start=\"799\" data-end=\"1185\">Os primeiros dias da semana ainda t\u00eam um clima de crise no ar \u2014 seja no trabalho, nas rela\u00e7\u00f5es ou em processos internos. V\u00eanus em quadratura com Plut\u00e3o, que segue at\u00e9 segunda-feira (10), mexe com emo\u00e7\u00f5es profundas.\u00a0Al\u00e9m disso, j\u00e1 entramos oficialmente em <a href=\"https:\/\/vanessatuleski.com.br\/mercurio-retrogrado\/\" rel=\"nofollow noopener\" target=\"_blank\"><strong data-start=\"1227\" data-end=\"1250\">Merc\u00fario retr\u00f3grado<\/strong><\/a>, que vai de <strong data-start=\"1263\" data-end=\"1285\">9 a 29 de novembro<\/strong>. Ao longo da semana, h\u00e1 aspectos que podem ajudar a desanuviar um c\u00e9u que come\u00e7ou mais carregado.<\/p>\n<p><strong data-start=\"1805\" data-end=\"1825\">Resumo da Semana<\/strong><\/p>\n<ul>\n<li data-start=\"1827\" data-end=\"2100\"><strong>Durante toda a semana:<\/strong> Merc\u00fario retr\u00f3grado (de 09 a 29\/11)<\/li>\n<li data-start=\"1827\" data-end=\"2100\"><strong>At\u00e9 segunda-feira (10):<\/strong> V\u00eanus em quadratura com Plut\u00e3o<\/li>\n<li data-start=\"1827\" data-end=\"2100\"><strong>Durante a semana:<\/strong> Merc\u00fario em conjun\u00e7\u00e3o com Marte em Sagit\u00e1rio<\/li>\n<li data-start=\"1827\" data-end=\"2100\"><strong>A partir de sexta-feira (14):<\/strong> Sol forma um Grande Tri\u00e2ngulo com J\u00fapiter e Saturno\/Netuno<\/li>\n<\/ul>\n<p data-start=\"2102\" data-end=\"2270\">Estes s\u00e3o os principais tr\u00e2nsitos das previs\u00f5es da semana de 10 a 16 de novembro de 2025. Em seguida, veja mais detalhes e descubra como fluir melhor nos pr\u00f3ximos dias.<\/p>\n<p><img data-lazyloaded=\"1\" fetchpriority=\"high\" decoding=\"async\" class=\"wp-image-11775 aligncenter\" src=\"https:\/\/www.europesays.com\/pt\/wp-content\/uploads\/2025\/11\/dancando-na-chuva.jpg\" alt=\"\" width=\"375\" height=\"413\"  data-\/><\/p>\n<p><strong data-start=\"2054\" data-end=\"2124\">V\u00eanus em quadratura com Plut\u00e3o: lidar com tens\u00f5es e transforma\u00e7\u00f5es<\/strong><\/p>\n<p data-start=\"2126\" data-end=\"2335\">Os primeiros dias da semana ainda carregam o peso emocional de <strong data-start=\"2189\" data-end=\"2223\">V\u00eanus em quadratura com Plut\u00e3o<\/strong>, aspecto que vem da semana passada e que pode intensificar crises ou desconfortos \u2014 sejam eles de ordem afetiva, profissional ou interna.<\/p>\n<p data-start=\"2337\" data-end=\"2651\">Essa energia tende a trazer \u00e0 tona o que estava escondido: ci\u00fames, disputas de poder, sentimentos de rejei\u00e7\u00e3o ou a necessidade de controlar pessoas e situa\u00e7\u00f5es. Em vez de reagir impulsivamente, o ideal \u00e9 olhar com maturidade para o que precisa ser transformado e deixar para tr\u00e1s padr\u00f5es de apego ou manipula\u00e7\u00e3o.<\/p>\n<p data-start=\"2653\" data-end=\"2787\">\u00c9 um bom momento para se libertar de v\u00ednculos ou situa\u00e7\u00f5es que drenam energia, abrindo espa\u00e7o para rela\u00e7\u00f5es e escolhas mais saud\u00e1veis.<\/p>\n<p><strong data-start=\"2281\" data-end=\"2318\">Novembro com Merc\u00fario retr\u00f3grado<\/strong><\/p>\n<p data-start=\"1187\" data-end=\"1601\">Durante esse per\u00edodo, \u00e9 comum lidarmos com imprevistos, falhas em sistemas, atrasos, mensagens que n\u00e3o chegam, erros em aparelhos e confus\u00f5es em agendas. A dica \u00e9 respirar fundo e manter flexibilidade: pode ser necess\u00e1rio reagendar compromissos, revisar trabalhos ou lidar com\u00a0 contratempos tecnol\u00f3gicos.<\/p>\n<p data-start=\"1603\" data-end=\"1794\">O lado positivo? O movimento retr\u00f3grado favorece revis\u00f5es e reflex\u00f5es. \u00c9 uma excelente oportunidade para repensar processos, rever ideias e dar um novo olhar a projetos que estavam empacados.<\/p>\n<p><strong data-start=\"2281\" data-end=\"2318\">Merc\u00fario em conjun\u00e7\u00e3o com Marte: cuidado com a pressa e o estresse<\/strong><\/p>\n<p data-start=\"2320\" data-end=\"2554\">Al\u00e9m das revis\u00f5es trazidas por Merc\u00fario retr\u00f3grado, esta semana tamb\u00e9m promete <strong data-start=\"2399\" data-end=\"2411\">correria<\/strong>. Merc\u00fario est\u00e1 conjunto a Marte, o planeta da a\u00e7\u00e3o e da velocidade, o que aumenta o ritmo do cotidiano e pode deixar todos mais impacientes.<\/p>\n<p data-start=\"2556\" data-end=\"2913\">\u00c9 como se estiv\u00e9ssemos vivendo o filme \u201cCorra, Lola, corra\u201d \u2014 s\u00f3 que, no caso, o nome pode ser o seu. \u201cCorra, Ana, corra. Corra, Jo\u00e3o, corra.\u201d A sensa\u00e7\u00e3o \u00e9 essa. O problema \u00e9 que, na pressa, acidentes e pequenos contratempos acontecem com facilidade \u2014 bater o carro na pilastra da garagem, trope\u00e7ar, quebrar algo ou simplesmente se estressar por bobagens.<\/p>\n<p data-start=\"2915\" data-end=\"3051\">A recomenda\u00e7\u00e3o \u00e9 simples: <strong data-start=\"2941\" data-end=\"2972\">respire, inspire e n\u00e3o pire<\/strong>. Use a energia de Marte para agir com assertividade, mas sem perder a lucidez.<\/p>\n<p><strong data-start=\"3062\" data-end=\"3090\">A\u00e7\u00e3o com inspira\u00e7\u00e3o e f\u00e9<\/strong><\/p>\n<p data-start=\"3092\" data-end=\"3371\">Apesar da correria, h\u00e1 um lado muito inspirador neste aspecto. <strong data-start=\"3155\" data-end=\"3188\">Merc\u00fario e Marte em Sagit\u00e1rio<\/strong> trazem coragem para seguir a intui\u00e7\u00e3o e agir de forma mais otimista. \u00c9 um \u00f3timo momento para expandir horizontes, fazer algo novo, acreditar em si mesmo e dar passos que exijam f\u00e9.<\/p>\n<p data-start=\"3373\" data-end=\"3570\">Sagit\u00e1rio fala de entusiasmo, prop\u00f3sito e vis\u00e3o de futuro. Assim, este tr\u00e2nsito estimula a\u00e7\u00f5es mais alinhadas com aquilo em que voc\u00ea realmente acredita. Em vez de reagir por impulso, aja inspirado.<\/p>\n<p><strong data-start=\"3581\" data-end=\"3648\">O Sol forma um Grande Tri\u00e2ngulo: f\u00e9, estabilidade e recupera\u00e7\u00e3o<\/strong><\/p>\n<p data-start=\"3650\" data-end=\"3873\">A partir de sexta-feira, o clima melhora significativamente. O Sol forma um <strong data-start=\"3726\" data-end=\"3746\">Grande Tri\u00e2ngulo<\/strong> com <strong data-start=\"3751\" data-end=\"3762\">J\u00fapiter<\/strong> de um lado e <strong data-start=\"3776\" data-end=\"3794\">Saturno\/Netuno<\/strong> de outro, criando uma combina\u00e7\u00e3o poderosa de f\u00e9, resili\u00eancia e estabilidade.<\/p>\n<p data-start=\"3875\" data-end=\"4096\">Podemos sentir que situa\u00e7\u00f5es que antes pareciam cr\u00edticas come\u00e7am a se resolver. Quem esteve doente tende a apresentar melhora, e quem passou por momentos de crise emocional ou material sente mais seguran\u00e7a e serenidade.<\/p>\n<p data-start=\"4098\" data-end=\"4235\">\u00c9 uma fase que nos prepara para seguir em frente com mais confian\u00e7a, abrindo espa\u00e7o para as novas aventuras e desafios da pr\u00f3xima semana.<\/p>\n<p>Quer entender como esse C\u00e9u reverbera especificamente no seu mapa?<\/p>\n<p data-start=\"3862\" data-end=\"4110\">Se voc\u00ea quer ter mais autoconhecimento, a Astrologia \u00e9 uma ferramenta que pode ir muito fundo, descrevendo tra\u00e7os da sua personalidade, mostrando talentos e pontos fortes, mas tamb\u00e9m quest\u00f5es a serem trabalhadas.\u00a0<strong>Clique aqui para agendar sua <a style=\"color: #ff9900;\" href=\"https:\/\/vanessatuleski.com.br\/consultas\/\" rel=\"nofollow noopener\" target=\"_blank\">consulta comigo<\/a>!<\/strong><\/p>\n<p data-start=\"3862\" data-end=\"4110\">E me siga no <a href=\"https:\/\/www.instagram.com\/vanessatuleski\" rel=\"nofollow noopener\" target=\"_blank\">Instagram<\/a> e no <a href=\"https:\/\/www.instagram.com\/vanessatuleski\" rel=\"nofollow noopener\" target=\"_blank\">Youtube<\/a>, onde estou sempre postando an\u00e1lises sobre o C\u00e9u astrol\u00f3gico.<\/p>\n<p><script async src=\"\/\/www.instagram.com\/embed.js\"><\/script><\/p>\n","protected":false},"excerpt":{"rendered":"Os primeiros dias da semana ainda t\u00eam um clima de crise no ar \u2014 seja no trabalho, nas&hellip;\n","protected":false},"author":2,"featured_media":146806,"comment_status":"","ping_status":"","sticky":false,"template":"","format":"standard","meta":{"footnotes":""},"categories":[85],"tags":[32089,30988,114,115,32090,29031,32091,2826,32092,32,30992,33,3191,32093,32094],"class_list":{"0":"post-146805","1":"post","2":"type-post","3":"status-publish","4":"format-standard","5":"has-post-thumbnail","7":"category-entretenimento","8":"tag-astrologia-novembro-2025","9":"tag-ceu-da-semana","10":"tag-entertainment","11":"tag-entretenimento","12":"tag-grande-triangulo","13":"tag-jupiter","14":"tag-mercurio-conjunto-a-marte","15":"tag-mercurio-retrogrado","16":"tag-netuno","17":"tag-portugal","18":"tag-previsoes-astrologicas","19":"tag-pt","20":"tag-saturno","21":"tag-sol-em-escorpiao","22":"tag-venus-em-quadratura-com-plutao"},"share_on_mastodon":{"url":"https:\/\/pubeurope.com\/@pt\/115526519348470276","error":""},"_links":{"self":[{"href":"https:\/\/www.europesays.com\/pt\/wp-json\/wp\/v2\/posts\/146805","targetHints":{"allow":["GET"]}}],"collection":[{"href":"https:\/\/www.europesays.com\/pt\/wp-json\/wp\/v2\/posts"}],"about":[{"href":"https:\/\/www.europesays.com\/pt\/wp-json\/wp\/v2\/types\/post"}],"author":[{"embeddable":true,"href":"https:\/\/www.europesays.com\/pt\/wp-json\/wp\/v2\/users\/2"}],"replies":[{"embeddable":true,"href":"https:\/\/www.europesays.com\/pt\/wp-json\/wp\/v2\/comments?post=146805"}],"version-history":[{"count":0,"href":"https:\/\/www.europesays.com\/pt\/wp-json\/wp\/v2\/posts\/146805\/revisions"}],"wp:featuredmedia":[{"embeddable":true,"href":"https:\/\/www.europesays.com\/pt\/wp-json\/wp\/v2\/media\/146806"}],"wp:attachment":[{"href":"https:\/\/www.europesays.com\/pt\/wp-json\/wp\/v2\/media?parent=146805"}],"wp:term":[{"taxonomy":"category","embeddable":true,"href":"https:\/\/www.europesays.com\/pt\/wp-json\/wp\/v2\/categories?post=146805"},{"taxonomy":"post_tag","embeddable":true,"href":"https:\/\/www.europesays.com\/pt\/wp-json\/wp\/v2\/tags?post=146805"}],"curies":[{"name":"wp","href":"https:\/\/api.w.org\/{rel}","templated":true}]}}