{"id":146811,"date":"2025-11-10T17:15:08","date_gmt":"2025-11-10T17:15:08","guid":{"rendered":"https:\/\/www.europesays.com\/pt\/146811\/"},"modified":"2025-11-10T17:15:08","modified_gmt":"2025-11-10T17:15:08","slug":"pedro-duarte-assume-inversao-em-promessa-eleitoral","status":"publish","type":"post","link":"https:\/\/www.europesays.com\/pt\/146811\/","title":{"rendered":"Pedro Duarte assume &#8220;invers\u00e3o&#8221; em promessa eleitoral"},"content":{"rendered":"<p data-remotead-prev-elm=\"true\" data-remotead-elm-id=\"inread\">Foi numa primeira reuni\u00e3o de C\u00e2mara que Pedro Duarte queria que ficasse simbolicamente marcada pelo regresso \u00e0 Associa\u00e7\u00e3o Nacional dos Munic\u00edpios Portugueses (ANMP) que o sucessor de Rui Moreira explicou a raz\u00e3o pela qual voltou atr\u00e1s numa promessa eleitoral, acabando por atribuir a Jorge Sobrado, um vereador independente, eleito na lista do PS, o pelouro da Cultura.<\/p>\n","protected":false},"excerpt":{"rendered":"Foi numa primeira reuni\u00e3o de C\u00e2mara que Pedro Duarte queria que ficasse simbolicamente marcada pelo regresso \u00e0 Associa\u00e7\u00e3o&hellip;\n","protected":false},"author":2,"featured_media":146812,"comment_status":"","ping_status":"","sticky":false,"template":"","format":"standard","meta":{"footnotes":""},"categories":[10],"tags":[27,28,20018,315,15,16,14,25,26,21,22,12,13,19,20,462,32,23,24,33,17,18,29,30,31],"class_list":{"0":"post-146811","1":"post","2":"type-post","3":"status-publish","4":"format-standard","5":"has-post-thumbnail","7":"category-portugal","8":"tag-breaking-news","9":"tag-breakingnews","10":"tag-concelho-porto","11":"tag-cultura","12":"tag-featured-news","13":"tag-featurednews","14":"tag-headlines","15":"tag-latest-news","16":"tag-latestnews","17":"tag-main-news","18":"tag-mainnews","19":"tag-news","20":"tag-noticias","21":"tag-noticias-principais","22":"tag-noticiasprincipais","23":"tag-porto","24":"tag-portugal","25":"tag-principais-noticias","26":"tag-principaisnoticias","27":"tag-pt","28":"tag-top-stories","29":"tag-topstories","30":"tag-ultimas","31":"tag-ultimas-noticias","32":"tag-ultimasnoticias"},"share_on_mastodon":{"url":"https:\/\/pubeurope.com\/@pt\/115526535021561792","error":""},"_links":{"self":[{"href":"https:\/\/www.europesays.com\/pt\/wp-json\/wp\/v2\/posts\/146811","targetHints":{"allow":["GET"]}}],"collection":[{"href":"https:\/\/www.europesays.com\/pt\/wp-json\/wp\/v2\/posts"}],"about":[{"href":"https:\/\/www.europesays.com\/pt\/wp-json\/wp\/v2\/types\/post"}],"author":[{"embeddable":true,"href":"https:\/\/www.europesays.com\/pt\/wp-json\/wp\/v2\/users\/2"}],"replies":[{"embeddable":true,"href":"https:\/\/www.europesays.com\/pt\/wp-json\/wp\/v2\/comments?post=146811"}],"version-history":[{"count":0,"href":"https:\/\/www.europesays.com\/pt\/wp-json\/wp\/v2\/posts\/146811\/revisions"}],"wp:featuredmedia":[{"embeddable":true,"href":"https:\/\/www.europesays.com\/pt\/wp-json\/wp\/v2\/media\/146812"}],"wp:attachment":[{"href":"https:\/\/www.europesays.com\/pt\/wp-json\/wp\/v2\/media?parent=146811"}],"wp:term":[{"taxonomy":"category","embeddable":true,"href":"https:\/\/www.europesays.com\/pt\/wp-json\/wp\/v2\/categories?post=146811"},{"taxonomy":"post_tag","embeddable":true,"href":"https:\/\/www.europesays.com\/pt\/wp-json\/wp\/v2\/tags?post=146811"}],"curies":[{"name":"wp","href":"https:\/\/api.w.org\/{rel}","templated":true}]}}