{"id":146816,"date":"2025-11-10T17:20:12","date_gmt":"2025-11-10T17:20:12","guid":{"rendered":"https:\/\/www.europesays.com\/pt\/146816\/"},"modified":"2025-11-10T17:20:12","modified_gmt":"2025-11-10T17:20:12","slug":"casa-de-sonho-e-anel-de-noivado-no-dedo-liliana-filipa-aumenta-misterio-sobre-alegada-separacao-secret-story","status":"publish","type":"post","link":"https:\/\/www.europesays.com\/pt\/146816\/","title":{"rendered":"Casa de sonho e anel de noivado no dedo. Liliana Filipa aumenta mist\u00e9rio sobre alegada separa\u00e7\u00e3o &#8211; Secret Story"},"content":{"rendered":"<p style=\"margin-bottom:11px\">No meio de not\u00edcias que d\u00e3o como certa a sua separa\u00e7\u00e3o de <strong>Daniel Greg\u00f3rio<\/strong>, <strong>Liliana Filipa <\/strong>acaba de f<a href=\"https:\/\/www.instagram.com\/p\/DQ37856DNcn\/?hl=pt&amp;img_index=14\" rel=\"nofollow noopener\" target=\"_blank\">azer uma atualiza\u00e7\u00e3o de Instagram com um update nas obras da sua casa de sonho<\/a>. A influencer encontra-se a construir uma moradia de luxo com Daniel Greg\u00f3rio. E esta manh\u00e3, publicou imagens da obra, assim como de alguns materiais que est\u00e1 a usar na decora\u00e7\u00e3o.<\/p>\n<p>Liliana Filipa escreveu simplesmente: \u00abApaixonada pelo processo de construir e decorar a minha casa de sonhos\u00bb. Destaque para o facto de as imagens mostrarem que a influencer ainda tem o anel de noivado no dedo.\u00a0 (Percorra a galeria e veja as imagens).\u00a0<\/p>\n<p>Alegada separa\u00e7\u00e3o de Liliana Filipa e Daniel Greg\u00f3rio &#8216;cai como bomba&#8217; nas reda\u00e7\u00f5es\u00a0 <\/p>\n<p style=\"margin-bottom:11px\">A not\u00edcia caiu como uma bomba nas reda\u00e7\u00f5es. <a href=\"https:\/\/tvi.iol.pt\/secretstory\/liliana-filipa\/daniel-gregorio\/liliana-filipa-e-daniel-gregorio-estarao-separados-e-ha-imagens-chocantes-da-alegada-traicao\" rel=\"nofollow noopener\" target=\"_blank\"><strong>Liliana Filipa<\/strong> e <strong>Daniel Greg\u00f3rio <\/strong>estar\u00e3o separados. <\/a>A informa\u00e7\u00e3o ainda n\u00e3o foi confirmada oficialmente, mas uma fonte pr\u00f3xima relatou que a influencer est\u00e1 muito abalada, ap\u00f3s a suposta separa\u00e7\u00e3o.<\/p>\n<p>\u00c9 que um canal de televis\u00e3o revelou imagens chocantes, de uma alegada trai\u00e7\u00e3o de Daniel Greg\u00f3rio. O referido v\u00eddeo ter\u00e1 sido captado no Algarve recentemente e, alegadamente, mostra o ex-concorrente muito pr\u00f3ximo de outra mulher.<\/p>\n<p>Recorde-se que Liliana Filipa e Daniel Greg\u00f3rio estavam noivos. Os dois ex-concorrentes estavam juntos j\u00e1 h\u00e1 11 anos. T\u00eam dois filhos em comum e estavam, tamb\u00e9m, a construir o lar dos sonhos. \u00a0<\/p>\n<p>At\u00e9 ao momento, tanto Liliana Filipa como Daniel Greg\u00f3rio permanecem em sil\u00eancio e ainda n\u00e3o negaram as not\u00edcias.\u00a0 Contudo, Daniel Greg\u00f3rio ter\u00e1 garantido a um comentador social que ele e a mulher do v\u00eddeo est\u00e3o apenas a falar ao ouvido um do outro.\u00a0<\/p>\n<p><strong>\u00a0VEJA AQUI<\/strong>:\u00a0<a href=\"https:\/\/tvi.iol.pt\/secretstory\/fotos\/ainda-se-lembra-de-como-comecou-o-namoro-de-liliana-filipa-e-daniel-gregorio-uma-historia-de-amor-com-mais-de-10-anos-contada-em-imagens\/67cedfeed34e3f0bae9b6e88\" rel=\"nofollow noopener\" target=\"_blank\">Ainda se lembra de como come\u00e7ou o namoro de Liliana Filipa e Daniel Greg\u00f3rio? Uma hist\u00f3ria de amor com mais de 10 anos contada em imagens\u00a0<\/a>\u00a0<\/p>\n<p>                        <script async src=\"\/\/www.instagram.com\/embed.js\"><\/script><\/p>\n","protected":false},"excerpt":{"rendered":"No meio de not\u00edcias que d\u00e3o como certa a sua separa\u00e7\u00e3o de Daniel Greg\u00f3rio, Liliana Filipa acaba de&hellip;\n","protected":false},"author":2,"featured_media":146817,"comment_status":"","ping_status":"","sticky":false,"template":"","format":"standard","meta":{"footnotes":""},"categories":[142],"tags":[18706,9679,114,115,18705,3436,32,33,151,18704],"class_list":{"0":"post-146816","1":"post","2":"type-post","3":"status-publish","4":"format-standard","5":"has-post-thumbnail","7":"category-tv","8":"tag-bastidores-secret-story","9":"tag-daniel-gregorio","10":"tag-entertainment","11":"tag-entretenimento","12":"tag-entrevistas-concorrentes-tvi","13":"tag-liliana-filipa","14":"tag-portugal","15":"tag-pt","16":"tag-tv","17":"tag-vida-fora-da-casa"},"share_on_mastodon":{"url":"https:\/\/pubeurope.com\/@pt\/115526554297290773","error":""},"_links":{"self":[{"href":"https:\/\/www.europesays.com\/pt\/wp-json\/wp\/v2\/posts\/146816","targetHints":{"allow":["GET"]}}],"collection":[{"href":"https:\/\/www.europesays.com\/pt\/wp-json\/wp\/v2\/posts"}],"about":[{"href":"https:\/\/www.europesays.com\/pt\/wp-json\/wp\/v2\/types\/post"}],"author":[{"embeddable":true,"href":"https:\/\/www.europesays.com\/pt\/wp-json\/wp\/v2\/users\/2"}],"replies":[{"embeddable":true,"href":"https:\/\/www.europesays.com\/pt\/wp-json\/wp\/v2\/comments?post=146816"}],"version-history":[{"count":0,"href":"https:\/\/www.europesays.com\/pt\/wp-json\/wp\/v2\/posts\/146816\/revisions"}],"wp:featuredmedia":[{"embeddable":true,"href":"https:\/\/www.europesays.com\/pt\/wp-json\/wp\/v2\/media\/146817"}],"wp:attachment":[{"href":"https:\/\/www.europesays.com\/pt\/wp-json\/wp\/v2\/media?parent=146816"}],"wp:term":[{"taxonomy":"category","embeddable":true,"href":"https:\/\/www.europesays.com\/pt\/wp-json\/wp\/v2\/categories?post=146816"},{"taxonomy":"post_tag","embeddable":true,"href":"https:\/\/www.europesays.com\/pt\/wp-json\/wp\/v2\/tags?post=146816"}],"curies":[{"name":"wp","href":"https:\/\/api.w.org\/{rel}","templated":true}]}}