{"id":146842,"date":"2025-11-10T17:40:16","date_gmt":"2025-11-10T17:40:16","guid":{"rendered":"https:\/\/www.europesays.com\/pt\/146842\/"},"modified":"2025-11-10T17:40:16","modified_gmt":"2025-11-10T17:40:16","slug":"call-of-duty-black-ops-7-pre-loading-disponivel","status":"publish","type":"post","link":"https:\/\/www.europesays.com\/pt\/146842\/","title":{"rendered":"Call of Duty: Black Ops 7: pr\u00e9-loading dispon\u00edvel"},"content":{"rendered":"<p>A Activision disponibilizou, nesta segunda-feira (10\/11), o pr\u00e9-carregamento de Call of Duty: Black Ops 7 e anunciou os hor\u00e1rios oficiais de lan\u00e7amento do jogo. O t\u00edtulo ser\u00e1 lan\u00e7ado <strong>oficialmente \u00e0 meia-noite do hor\u00e1rio local<\/strong> do dia 14 de novembro para usu\u00e1rios de PlayStation, Xbox e Xbox no PC.\u00a0<\/p>\n<p>O pr\u00e9-carregamento come\u00e7ou nesta segunda, em hor\u00e1rios espec\u00edficos para cada regi\u00e3o, por isso, caso o download ainda n\u00e3o esteja dispon\u00edvel, a recomenda\u00e7\u00e3o \u00e9 continuar tentando acessar. Segundo an\u00fancio, <strong>no Brasil seria \u00e0s 14h do hor\u00e1rio de Bras\u00edlia.<\/strong><\/p>\n<p>Para jogadores que utilizam Battle.net e Steam, o acesso ser\u00e1 liberado <strong>\u00e0s 2h do dia 14 de novembro<\/strong>, correspondendo \u00e0 meia-noite do hor\u00e1rio do Leste americano do dia 14. O jogo est\u00e1 em pr\u00e9-venda, na edi\u00e7\u00e3o padr\u00e3o, por R$ 349,90 na Xbox Store e Playstation Store.<\/p>\n<p>Call of Duty: Black Ops 7<\/p>\n<p>Call of Duty: Black Ops 7 estar\u00e1 <strong><a href=\"https:\/\/www.otempo.com.br\/tecnologia-e-games\/2025\/11\/5\/microsoft-anuncia-sete-jogos-que-sairao-em-day-one-no-game-pass-incluindo-call-of-duty\" target=\"_blank\" rel=\"noopener nofollow\">dispon\u00edvel no lan\u00e7amento<\/a><\/strong> para assinantes do Xbox Game Pass Ultimate e PC Game Pass. Atualmente, esse plano est\u00e1 dispon\u00edvel pela assinatura de R$ 119,90\/m\u00eas.<\/p>\n","protected":false},"excerpt":{"rendered":"A Activision disponibilizou, nesta segunda-feira (10\/11), o pr\u00e9-carregamento de Call of Duty: Black Ops 7 e anunciou os&hellip;\n","protected":false},"author":2,"featured_media":146843,"comment_status":"","ping_status":"","sticky":false,"template":"","format":"standard","meta":{"footnotes":""},"categories":[84],"tags":[2042,109,107,108,905,2044,2142,32,33,105,103,104,106,110,907],"class_list":{"0":"post-146842","1":"post","2":"type-post","3":"status-publish","4":"format-standard","5":"has-post-thumbnail","7":"category-ciencia-e-tecnologia","8":"tag-call-of-duty","9":"tag-ciencia","10":"tag-ciencia-e-tecnologia","11":"tag-cienciaetecnologia","12":"tag-games","13":"tag-jogos","14":"tag-playstation","15":"tag-portugal","16":"tag-pt","17":"tag-science","18":"tag-science-and-technology","19":"tag-scienceandtechnology","20":"tag-technology","21":"tag-tecnologia","22":"tag-xbox"},"share_on_mastodon":{"url":"https:\/\/pubeurope.com\/@pt\/115526632927834719","error":""},"_links":{"self":[{"href":"https:\/\/www.europesays.com\/pt\/wp-json\/wp\/v2\/posts\/146842","targetHints":{"allow":["GET"]}}],"collection":[{"href":"https:\/\/www.europesays.com\/pt\/wp-json\/wp\/v2\/posts"}],"about":[{"href":"https:\/\/www.europesays.com\/pt\/wp-json\/wp\/v2\/types\/post"}],"author":[{"embeddable":true,"href":"https:\/\/www.europesays.com\/pt\/wp-json\/wp\/v2\/users\/2"}],"replies":[{"embeddable":true,"href":"https:\/\/www.europesays.com\/pt\/wp-json\/wp\/v2\/comments?post=146842"}],"version-history":[{"count":0,"href":"https:\/\/www.europesays.com\/pt\/wp-json\/wp\/v2\/posts\/146842\/revisions"}],"wp:featuredmedia":[{"embeddable":true,"href":"https:\/\/www.europesays.com\/pt\/wp-json\/wp\/v2\/media\/146843"}],"wp:attachment":[{"href":"https:\/\/www.europesays.com\/pt\/wp-json\/wp\/v2\/media?parent=146842"}],"wp:term":[{"taxonomy":"category","embeddable":true,"href":"https:\/\/www.europesays.com\/pt\/wp-json\/wp\/v2\/categories?post=146842"},{"taxonomy":"post_tag","embeddable":true,"href":"https:\/\/www.europesays.com\/pt\/wp-json\/wp\/v2\/tags?post=146842"}],"curies":[{"name":"wp","href":"https:\/\/api.w.org\/{rel}","templated":true}]}}