{"id":146854,"date":"2025-11-10T17:50:26","date_gmt":"2025-11-10T17:50:26","guid":{"rendered":"https:\/\/www.europesays.com\/pt\/146854\/"},"modified":"2025-11-10T17:50:26","modified_gmt":"2025-11-10T17:50:26","slug":"jack-nicholson-descobriu-que-sua-irma-era-na-verdade-sua-mae-entenda","status":"publish","type":"post","link":"https:\/\/www.europesays.com\/pt\/146854\/","title":{"rendered":"Jack Nicholson descobriu que sua irm\u00e3 era, na verdade, sua m\u00e3e; entenda"},"content":{"rendered":"\n<p class=\" content-text__container theme-color-primary-first-letter\" data-track-category=\"Link no Texto\" data-track-links=\"\"> <strong>Jack Nicholson<\/strong> \u00e9, sem d\u00favida, um dos atores mais aclamados de Hollywood, com uma carreira brilhante que lhe rendeu tr\u00eas pr\u00eamios Oscar e sete Globos de Ouro. No entanto, sua vida pessoal foi marcada por uma verdade oculta que veio \u00e0 tona no auge de sua carreira: a mulher que ele sempre acreditou ser sua irm\u00e3 era, na realidade, sua m\u00e3e biol\u00f3gica. O fato de que esse segredo familiar n\u00e3o tenha interrompido seu sucesso \u00e9 t\u00e3o surpreendente quanto a pr\u00f3pria revela\u00e7\u00e3o. <\/p>\n<ul class=\"content-unordered-list\">\n<li><strong>&#8216;O agente secreto&#8217;:<\/strong> <a class=\"\" href=\"https:\/\/oglobo.globo.com\/cultura\/noticia\/2025\/11\/10\/o-agente-secreto-entenda-a-historia-da-perna-cabeluda-lenda-urbana-citada-no-filme-de-kleber-mendonca-filho.ghtml\" rel=\"nofollow noopener\" target=\"_blank\">entenda a hist\u00f3ria da \u2018perna cabeluda\u2019, lenda urbana citada no filme de Kleber Mendon\u00e7a Filho<\/a><\/li>\n<li><strong>No estilo &#8216;Trememb\u00e9&#8217;:<\/strong> <a class=\"\" href=\"https:\/\/oglobo.globo.com\/cultura\/noticia\/2025\/11\/10\/no-estilo-tremembe-conheca-outros-titulos-para-assistir-se-voce-gostou-da-serie.ghtml\" rel=\"nofollow noopener\" target=\"_blank\">conhe\u00e7a outros t\u00edtulos para assistir se voc\u00ea gostou da s\u00e9rie<\/a><\/li>\n<\/ul>\n<p class=\" content-text__container \" data-track-category=\"Link no Texto\" data-track-links=\"\"> Nicholson tinha 32 anos quando n\u00e3o apenas interpretou George Hanson no sucesso &#8220;Easy rider&#8221; (1969), mas tamb\u00e9m descobriu um dado oculto sobre sua identidade \u2014 algo que j\u00e1 levantava suspeitas anos antes, em 1954, quando tentou tirar sua carteira de motorista e soube que n\u00e3o havia registro de seu nascimento. Ethel May, a mulher que ele acreditava ser sua m\u00e3e, apresentou ent\u00e3o um comprovante afirmando que seu \u201cfilho\u201d havia nascido em 22 de abril de 1937. <\/p>\n<p>&#8216;Isso me esclareceu muitas coisas&#8217;<\/p>\n<p>      <img decoding=\"async\" class=\"content-media__image\"  src=\"https:\/\/www.europesays.com\/pt\/wp-content\/uploads\/2025\/11\/38882305-us-actor-jack-nicholson-poses-for-the-press-during-a-photocall-for-the-film-somethings-got..jpeg\" alt=\"Jack Nicholson: 'At\u00e9 hoje nunca pedi emprestado nem cinco centavos a ningu\u00e9m e nunca acreditei que n\u00e3o pudesse cuidar de mim mesmo' \u2014 Foto: Michael Kappeler \/ AFP\" width=\"2326\" height=\"1506\" loading=\"lazy\"\/>  Jack Nicholson: &#8216;At\u00e9 hoje nunca pedi emprestado nem cinco centavos a ningu\u00e9m e nunca acreditei que n\u00e3o pudesse cuidar de mim mesmo&#8217; \u2014 Foto: Michael Kappeler \/ AFP       <\/p>\n<p class=\" content-text__container \" data-track-category=\"Link no Texto\" data-track-links=\"\"> Tudo mudou em 1974, quando um jornalista da revista Time lhe revelou a verdade por telefone, durante uma investiga\u00e7\u00e3o para um document\u00e1rio sobre o ator. O rep\u00f3rter perguntou sobre sua m\u00e3e, June Nicholson \u2014 e foi nesse momento que Jack teve de confrontar a mulher que sempre vira como irm\u00e3. A verdade era que June o dera \u00e0 luz aos 17 anos, e seus pais, Ethel May e John, decidiram cri\u00e1-lo como filho pr\u00f3prio para evitar o estigma social e permitir que June seguisse sua carreira art\u00edstica sem o peso da maternidade. A av\u00f3, Ethel May (a mulher que ele acreditava ser sua m\u00e3e), havia morrido em 1963. <\/p>\n<p class=\" content-text__container \" data-track-category=\"Link no Texto\" data-track-links=\"\"> Embora preferisse manter o assunto em sigilo, o document\u00e1rio &#8220;Dr. Jack and Mr. Nicholson&#8221; acabou revelando o segredo. Com o tempo, por\u00e9m, Nicholson aceitou sua origem. \u201cAfinal, quando descobri quem era minha m\u00e3e, eu j\u00e1 tinha maturidade psicol\u00f3gica. Na verdade, isso me esclareceu muitas coisas. Se senti algo, foi principalmente gratid\u00e3o\u201d, confessou anos depois. <\/p>\n<p class=\" content-text__container \" data-track-category=\"Link no Texto\" data-track-links=\"\"> Em 1984, em entrevista \u00e0 Rolling Stone, ele acrescentou: \u201cSe June ou Ethel tivessem tido menos car\u00e1ter, eu talvez nem tivesse sobrevivido. Essas mulheres me deram o dom da vida. Elas me educaram bem. At\u00e9 hoje nunca pedi emprestado nem cinco centavos a ningu\u00e9m e nunca acreditei que n\u00e3o pudesse cuidar de mim mesmo. Elas tornaram minha autossufici\u00eancia uma necessidade\u201d. <\/p>\n<p>Pai do ator segue desconhecido<\/p>\n<p class=\" content-text__container \" data-track-category=\"Link no Texto\" data-track-links=\"\"> Apesar de ter descoberto parte de sua hist\u00f3ria, aos 88 anos Nicholson ainda n\u00e3o sabe quem foi seu pai. A biografia &#8220;Jack\u2019s life&#8221;, escrita pelo autor americano Pat MacGilligan, menciona dois poss\u00edveis candidatos: Don Furcillo-Rose, um showman e cantor de ascend\u00eancia italiana com quem June se casou pouco antes do nascimento de Jack, e Eddie King, ator e parceiro de dan\u00e7a de June. <\/p>\n<p class=\" content-text__container \" data-track-category=\"Link no Texto\" data-track-links=\"\"> Don morreu em 1998, mas antes pediu \u00e0 filha, Donna Rose, que continuasse sua \u201ccampanha\u201d para ser reconhecido como o pai do astro de Hollywood. Por isso, Donna publicou em 2001 o livro &#8220;You don\u2019t know jack: the story of a father eliminated&#8221; (&#8220;Voc\u00ea n\u00e3o conhece Jack: a hist\u00f3ria de um pai apagado&#8221;, em tradu\u00e7\u00e3o para o portugu\u00eas), mas morreu de c\u00e2ncer em 2005 sem jamais receber resposta de Nicholson. <\/p>\n<p>     O elenco na pr\u00e9-estreia de &#8216;Stranger things 5&#8217;           <img decoding=\"async\" id=\"image-id-tumb-2130cf93-6cd1-4a03-959c-2d135ab1e925\" alt=\"Hora da despedida: o elenco de 'Stranger things' se re\u00fane para a pr\u00e9-estreia da \u00faltima temporada \u2014 Foto: Frederic J. Brown \/ AFP\" src=\"https:\/\/www.europesays.com\/pt\/wp-content\/uploads\/2025\/11\/112943720-l-r-us-actors-sadie-sink-caleb-mclaughlin-canadian-actor-finn-wolfhard-us-actors-gaten.jpg\" loading=\"lazy\" height=\"3396\" width=\"5028\" data-posicao=\"1\" role=\"button\" tabindex=\"0\"\/>    <img decoding=\"async\" id=\"image-id-2130cf93-6cd1-4a03-959c-2d135ab1e925\" class=\"gallery-photo\" alt=\"Hora da despedida: o elenco de 'Stranger things' se re\u00fane para a pr\u00e9-estreia da \u00faltima temporada \u2014 Foto: Frederic J. Brown \/ AFP\" src=\"https:\/\/www.europesays.com\/pt\/wp-content\/uploads\/2025\/11\/1762797018_747_112943720-l-r-us-actors-sadie-sink-caleb-mclaughlin-canadian-actor-finn-wolfhard-us-actors-gaten.jpg\" loading=\"lazy\" height=\"3396\" width=\"5028\"\/>  <\/p>\n<p> 1 de 10 <br \/>&#13;Hora da despedida: o elenco de &#8216;Stranger things&#8217; se re\u00fane para a pr\u00e9-estreia da \u00faltima temporada \u2014 Foto: Frederic J. Brown \/ AFP <\/p>\n<p>     <img decoding=\"async\" id=\"image-id-tumb-dcc5ea9e-ceff-41aa-9b0c-ebd690bd8e9b\" alt=\"Millie Bobby Brown, a Eleven, ou Onze, de 'Stranger things' \u2014 Foto: Kevin Winter\/Getty Images\/AFP\" src=\"https:\/\/www.europesays.com\/pt\/wp-content\/uploads\/2025\/11\/112943344-hollywood-california-november-06-millie-bobby-brown-attends-the-los-angeles-premiere.jpg\" loading=\"lazy\" height=\"5401\" width=\"3600\" data-posicao=\"2\" role=\"button\" tabindex=\"0\"\/>    <img decoding=\"async\" id=\"image-id-dcc5ea9e-ceff-41aa-9b0c-ebd690bd8e9b\" class=\"gallery-photo\" alt=\"Millie Bobby Brown, a Eleven, ou Onze, de 'Stranger things' \u2014 Foto: Kevin Winter\/Getty Images\/AFP\" src=\"https:\/\/www.europesays.com\/pt\/wp-content\/uploads\/2025\/11\/1762797019_280_112943344-hollywood-california-november-06-millie-bobby-brown-attends-the-los-angeles-premiere.jpg\" loading=\"lazy\" height=\"5401\" width=\"3600\"\/>  <\/p>\n<p> 2 de 10 <br \/>&#13;Millie Bobby Brown, a Eleven, ou Onze, de &#8216;Stranger things&#8217; \u2014 Foto: Kevin Winter\/Getty Images\/AFP <\/p>\n<p>     Pular    <\/p>\n<p> X de 10 <br \/>Publicidade <\/p>\n<p>      <img decoding=\"async\" id=\"image-id-tumb-0ee3e6c7-8983-469d-8499-ded79d26910f\" alt=\"Millie Bobby Brown e David Harbour em pr\u00e9-estreia de 'Stranger things 5' \u2014 Foto: Kevin Winter\/Getty Images\/AFP\" src=\"https:\/\/www.europesays.com\/pt\/wp-content\/uploads\/2025\/11\/112943324-hollywood-california-november-06-l-r-millie-bobby-brown-and-david-harbour-attend-the.jpg\" loading=\"lazy\" height=\"6000\" width=\"4000\" data-posicao=\"3\" role=\"button\" tabindex=\"0\"\/>    <img decoding=\"async\" id=\"image-id-0ee3e6c7-8983-469d-8499-ded79d26910f\" class=\"gallery-photo\" alt=\"Millie Bobby Brown e David Harbour em pr\u00e9-estreia de 'Stranger things 5' \u2014 Foto: Kevin Winter\/Getty Images\/AFP\" src=\"https:\/\/www.europesays.com\/pt\/wp-content\/uploads\/2025\/11\/1762797021_299_112943324-hollywood-california-november-06-l-r-millie-bobby-brown-and-david-harbour-attend-the.jpg\" loading=\"lazy\" height=\"6000\" width=\"4000\"\/>  <\/p>\n<p> 3 de 10 <br \/>&#13;Millie Bobby Brown e David Harbour em pr\u00e9-estreia de &#8216;Stranger things 5&#8217; \u2014 Foto: Kevin Winter\/Getty Images\/AFP <\/p>\n<p>      <img decoding=\"async\" id=\"image-id-e96a9cdb-7422-44e2-939f-23fed2738ad3\" class=\"gallery-photo\" alt=\"Gaten Matarazzo, o Dustin, de 'Stranger things' \u2014 Foto: Frederic J. Brown \/ AFP\" src=\"https:\/\/www.europesays.com\/pt\/wp-content\/uploads\/2025\/11\/112943298-us-actor-gaten-matarazzo-attends-the-world-premiere-of-netflixs-stranger-things-seaso.jpg\" loading=\"lazy\" height=\"2919\" width=\"4444\"\/>  <\/p>\n<p> 4 de 10 <br \/>&#13;Gaten Matarazzo, o Dustin, de &#8216;Stranger things&#8217; \u2014 Foto: Frederic J. Brown \/ AFP <\/p>\n<p>     Pular    <\/p>\n<p> X de 10 <br \/>Publicidade <\/p>\n<p>      <img decoding=\"async\" id=\"image-id-fcab96df-3b73-4ee6-8a92-a08ee9c4bf92\" class=\"gallery-photo\" alt=\"Noah Schnapp, o Will de 'Stranger things' \u2014 Foto: Kevin Winter\/Getty Images\/AFP\" src=\"https:\/\/www.europesays.com\/pt\/wp-content\/uploads\/2025\/11\/112943278-hollywood-california-november-06-noah-schnapp-attends-the-los-angeles-premiere-of-ne.jpg\" loading=\"lazy\" height=\"4988\" width=\"3326\"\/>  <\/p>\n<p> 5 de 10 <br \/>&#13;Noah Schnapp, o Will de &#8216;Stranger things&#8217; \u2014 Foto: Kevin Winter\/Getty Images\/AFP <\/p>\n<p>      <img decoding=\"async\" id=\"image-id-79d6dfdc-de30-455e-a830-1b93019f7262\" class=\"gallery-photo\" alt=\"Sadie Sink, a Max de 'Stranger things' \u2014 Foto: Frederic J. Brown \/ AFP\" src=\"https:\/\/www.europesays.com\/pt\/wp-content\/uploads\/2025\/11\/112943282-us-actress-sadie-sink-attends-the-world-premiere-of-netflixs-stranger-things-season-5.jpg\" loading=\"lazy\" height=\"4568\" width=\"3200\"\/>  <\/p>\n<p> 6 de 10 <br \/>&#13;Sadie Sink, a Max de &#8216;Stranger things&#8217; \u2014 Foto: Frederic J. Brown \/ AFP <\/p>\n<p>     Pular    <\/p>\n<p> X de 10 <br \/>Publicidade <\/p>\n<p>      <img decoding=\"async\" id=\"image-id-4c5ed6c5-3d0d-441f-a9ce-9887ca419ce0\" class=\"gallery-photo\" alt=\"Ross Duffer e Matt Duffer, os criadores de 'Stranger things' \u2014 Foto: Kevin Winter\/Getty Images\/AFP\" src=\"https:\/\/www.europesays.com\/pt\/wp-content\/uploads\/2025\/11\/112943276-hollywood-california-november-06-l-r-ross-duffer-and-matt-duffer-attend-the-los-ange.jpg\" loading=\"lazy\" height=\"4759\" width=\"3172\"\/>  <\/p>\n<p> 7 de 10 <br \/>&#13;Ross Duffer e Matt Duffer, os criadores de &#8216;Stranger things&#8217; \u2014 Foto: Kevin Winter\/Getty Images\/AFP <\/p>\n<p>      <img decoding=\"async\" id=\"image-id-57f2c5c4-9d02-440e-9b1a-dfe87fbec78c\" class=\"gallery-photo\" alt=\"Caleb McLaughlin, o Lucas de 'Stranger things' \u2014 Foto: Frederic J. Brown \/ AFP\" src=\"https:\/\/www.europesays.com\/pt\/wp-content\/uploads\/2025\/11\/112943722-us-actor-caleb-mclaughlin-attends-the-world-premiere-of-netflixs-stranger-things-seas.jpg\" loading=\"lazy\" height=\"4832\" width=\"3352\"\/>  <\/p>\n<p> 8 de 10 <br \/>&#13;Caleb McLaughlin, o Lucas de &#8216;Stranger things&#8217; \u2014 Foto: Frederic J. Brown \/ AFP <\/p>\n<p>     Pular    <\/p>\n<p> X de 10 <br \/>Publicidade <\/p>\n<p>      <img decoding=\"async\" id=\"image-id-8601043f-e935-4819-b480-666d63ad21be\" class=\"gallery-photo\" alt=\"Natalia Dyer, a Nancy de 'Stranger things' \u2014 Foto: Frederic J. Brown \/ AFP\" src=\"https:\/\/www.europesays.com\/pt\/wp-content\/uploads\/2025\/11\/112944260-us-actress-natalia-dyer-attends-the-world-premiere-of-netflixs-stranger-things-season.jpg\" loading=\"lazy\" height=\"4800\" width=\"7632\"\/>  <\/p>\n<p> 9 de 10 <br \/>&#13;Natalia Dyer, a Nancy de &#8216;Stranger things&#8217; \u2014 Foto: Frederic J. Brown \/ AFP <\/p>\n<p>      <img decoding=\"async\" id=\"image-id-eb42756b-66ad-41b8-a84a-253f363c45ac\" class=\"gallery-photo\" alt=\"Joe Keery, o Steve Harrington de 'Stranger things' \u2014 Foto: Kevin Winter\/Getty Images\/AFP\" src=\"https:\/\/www.europesays.com\/pt\/wp-content\/uploads\/2025\/11\/112943542-hollywood-california-november-06-joe-keery-attends-the-los-angeles-premiere-of-netfl.jpg\" loading=\"lazy\" height=\"4884\" width=\"3256\"\/>  <\/p>\n<p> 10 de 10 <br \/>&#13;Joe Keery, o Steve Harrington de &#8216;Stranger things&#8217; \u2014 Foto: Kevin Winter\/Getty Images\/AFP <\/p>\n<p>     Pular    <\/p>\n<p> X de 10 <br \/>Publicidade <\/p>\n<p>Millie Bobby Brown e turma na \u00faltima temporada da s\u00e9rie<\/p>\n","protected":false},"excerpt":{"rendered":"Jack Nicholson \u00e9, sem d\u00favida, um dos atores mais aclamados de Hollywood, com uma carreira brilhante que lhe&hellip;\n","protected":false},"author":2,"featured_media":146855,"comment_status":"","ping_status":"","sticky":false,"template":"","format":"standard","meta":{"footnotes":""},"categories":[140],"tags":[114,115,147,148,146,32,33],"class_list":{"0":"post-146854","1":"post","2":"type-post","3":"status-publish","4":"format-standard","5":"has-post-thumbnail","7":"category-filmes","8":"tag-entertainment","9":"tag-entretenimento","10":"tag-film","11":"tag-filmes","12":"tag-movies","13":"tag-portugal","14":"tag-pt"},"share_on_mastodon":{"url":"https:\/\/pubeurope.com\/@pt\/115526672674385001","error":""},"_links":{"self":[{"href":"https:\/\/www.europesays.com\/pt\/wp-json\/wp\/v2\/posts\/146854","targetHints":{"allow":["GET"]}}],"collection":[{"href":"https:\/\/www.europesays.com\/pt\/wp-json\/wp\/v2\/posts"}],"about":[{"href":"https:\/\/www.europesays.com\/pt\/wp-json\/wp\/v2\/types\/post"}],"author":[{"embeddable":true,"href":"https:\/\/www.europesays.com\/pt\/wp-json\/wp\/v2\/users\/2"}],"replies":[{"embeddable":true,"href":"https:\/\/www.europesays.com\/pt\/wp-json\/wp\/v2\/comments?post=146854"}],"version-history":[{"count":0,"href":"https:\/\/www.europesays.com\/pt\/wp-json\/wp\/v2\/posts\/146854\/revisions"}],"wp:featuredmedia":[{"embeddable":true,"href":"https:\/\/www.europesays.com\/pt\/wp-json\/wp\/v2\/media\/146855"}],"wp:attachment":[{"href":"https:\/\/www.europesays.com\/pt\/wp-json\/wp\/v2\/media?parent=146854"}],"wp:term":[{"taxonomy":"category","embeddable":true,"href":"https:\/\/www.europesays.com\/pt\/wp-json\/wp\/v2\/categories?post=146854"},{"taxonomy":"post_tag","embeddable":true,"href":"https:\/\/www.europesays.com\/pt\/wp-json\/wp\/v2\/tags?post=146854"}],"curies":[{"name":"wp","href":"https:\/\/api.w.org\/{rel}","templated":true}]}}