{"id":146864,"date":"2025-11-10T17:56:14","date_gmt":"2025-11-10T17:56:14","guid":{"rendered":"https:\/\/www.europesays.com\/pt\/146864\/"},"modified":"2025-11-10T17:56:14","modified_gmt":"2025-11-10T17:56:14","slug":"viagem-do-afd-para-a-russia-e-um-perigo-para-a-alemanha","status":"publish","type":"post","link":"https:\/\/www.europesays.com\/pt\/146864\/","title":{"rendered":"viagem do AfD para a R\u00fassia \u00e9 um perigo para a Alemanha"},"content":{"rendered":"<p class=\"wp-caption-text top\">Kremlin<\/p>\n<p><img decoding=\"async\" loading=\"lazy\" class=\"size-kopa-image-size-3 wp-image-617236\" src=\"https:\/\/www.europesays.com\/pt\/wp-content\/uploads\/2025\/11\/ace994985f1e78a1db8bff7a2a86c204-783x450.jpg\" alt=\"\" width=\"700\" height=\"402\"  \/><\/p>\n<p class=\"wp-caption-text bot\">Vladimir Putin, presidente da R\u00fassia<\/p>\n<p><strong>Pol\u00edticos do CDU e do SPD avisam que a presen\u00e7a nessa confer\u00eancia \u00e9 um sinal perigoso para parceiros e investidores internacionais.<\/strong><\/p>\n<p>Quatro pol\u00edticos do <strong>AfD<\/strong> \u2013 Alternativa para a Alemanha v\u00e3o estar na <strong>R\u00fassia,<\/strong> para estarem numa confer\u00eancia.<\/p>\n<p>Steffen Kotr\u00e9, Rainer Rothfu\u00df, J\u00f6rg Urban e Hans Neuhoff v\u00e3o at\u00e9 <strong>Sochi,<\/strong> ainda durante esta semana, para participarem no <strong>Simp\u00f3sio<\/strong> Internacional sobre o formato <strong>BRICS-Europa.<\/strong><\/p>\n<p>O BRICS \u00e9 um grupo de coopera\u00e7\u00e3o econ\u00f3mica que juntava Brasil, R\u00fassia, \u00cdndia e China; agora tamb\u00e9m tem \u00c1frica do Sul, Ar\u00e1bia Saudita, Egito, Emirados \u00c1rabes Unidos, Eti\u00f3pia, Indon\u00e9sia e Ir\u00e3o.<\/p>\n<p>Antes de Fevereiro de 2022, esta viagem nem seria not\u00edcia, provavelmente. Mas com o cen\u00e1rio de <a href=\"https:\/\/zap.aeiou.pt\/thread\/guerra-na-ucrania\" data-wpel-link=\"internal\" rel=\"nofollow noopener\" target=\"_blank\">guerra na Ucr\u00e2nia<\/a> e com as tens\u00f5es evidentes entre R\u00fassia e diversos pa\u00edses, \u00e9 not\u00edcia na Alemanha; e alvo de cr\u00edticas.<\/p>\n<p>Pol\u00edticos do CDU e do SPD avisam que essa viagem \u00e0 R\u00fassia \u00e9 um <strong>sinal perigoso para parceiros e investidores internacionais.<\/strong><\/p>\n<p>Sepp M\u00fcller, vice-presidente do grupo parlamentar CDU\/CSU no Parlamento alem\u00e3o, disse no <a href=\"https:\/\/www.handelsblatt.com\/politik\/deutschland\/afd-sorge-um-standort-deutschland-wegen-afd-russlandreise\/100172816.html\" data-wpel-link=\"external\" target=\"_blank\" rel=\"nofollow external noopener noreferrer\" class=\"ext-link\">Handelsblatt<\/a>: \u201cO AfD deve identificar claramente a R\u00fassia como agressora na confer\u00eancia e exigir um cessar-fogo imediato. Caso contr\u00e1rio, <strong>colocar\u00e1 em risco a confian\u00e7a dos investidores<\/strong> internacionais e <strong>prejudicar\u00e1,<\/strong> mais uma vez, a <strong>economia alem\u00e3,<\/strong> que est\u00e1 virada para a exporta\u00e7\u00e3o\u201d.<\/p>\n<p>Sebastian Roloff, do grupo parlamentar do SPD, tamb\u00e9m criticou o AfD. Considera que esta viagem revelou as verdadeiras inten\u00e7\u00f5es do partido de extrema-direita: \u201cO AfD est\u00e1 a agir em benef\u00edcio do ditador russo Vladimir Putin e, portanto, a prejudicar a economia da Alemanha. <strong>Os crimes de guerra em massa de Putin n\u00e3o parecem incomodar<\/strong>\u201d o partido, alega. Al\u00e9m disso, acredita o social-democrata, o AfD quer voltar a receber g\u00e1s russo e, assim, tornar-se dependente da R\u00fassia.<\/p>\n<p>J\u00e1 Gitta Connemann (CDU), l\u00edder da Uni\u00e3o das Pequenas e M\u00e9dias Empresas e da Uni\u00e3o Econ\u00f3mica, descreveu o AfD como uma <strong>\u201cenorme amea\u00e7a\u201d<\/strong> \u00e0 economia da Alemanha. O \u201cretrocesso\u201d de sair do euro e da Uni\u00e3o Europeia, e voltar ao g\u00e1s russo, teria \u201cconsequ\u00eancias fatais\u201d.<\/p>\n<p>Para Gitta, qualquer pessoa que tente estreitar la\u00e7os com o Kremlin coloca em risco investimentos, empregos, a seguran\u00e7a energ\u00e9tica da Alemanha, a prosperidade do pa\u00eds e a estabilidade da Europa.<\/p>\n<p>O secret\u00e1rio-geral da CSU, Martin Huber, foi mais longe: \u201c<strong>Isto \u00e9 trai\u00e7\u00e3o<\/strong>. H\u00e1 muito tempo que o AfD \u00e9 o porta-voz de Moscovo na Alemanha. Qualquer um que permita que os capangas de Putin ditem as suas pol\u00edticas n\u00e3o \u00e9 um patriota, mas um fantoche e um risco para o nosso pa\u00eds\u201d, completou Huber.<\/p>\n<p>\u201cN\u00e3o percebem nada\u201d<\/p>\n<p>O grupo parlamentar do AfD n\u00e3o v\u00ea qualquer problema. Apoia a viagem e <strong>vai pagar<\/strong> as despesas. A ideia da viagem, indica o partido, \u00e9 manter em aberto os canais de comunica\u00e7\u00e3o com a R\u00fassia.<\/p>\n<p>Os deputados do AfD s\u00e3o constantemente acusados \u200b\u200bde serem muito pr\u00f3ximos do Kremlin. O partido quer o fim das san\u00e7\u00f5es contra a R\u00fassia \u2013 e j\u00e1 foi acusado de <a href=\"https:\/\/zap.aeiou.pt\/extrema-direita-alema-acusada-de-espiar-para-a-russia-708391\" data-wpel-link=\"internal\" rel=\"nofollow noopener\" target=\"_blank\">espiar<\/a> para o Kremlin.<\/p>\n<p>Hans Neuhoff, um dos membros que estar\u00e3o na R\u00fassia, explica: \u201c<strong>Os pol\u00edticos da Uni\u00e3o Europeia que pensam que devemos ignorar o BRICS n\u00e3o percebem nada<\/strong> de geopol\u00edtica. Est\u00e3o a levar a Alemanha e a Europa para a marginalidade, n\u00e3o para um futuro pr\u00f3spero\u201d.<\/p>\n<p>Bernd Baumann, l\u00edder do grupo parlamentar do AfD, rejeitou as acusa\u00e7\u00f5es de trai\u00e7\u00e3o. E olhou para a hist\u00f3ria: \u201cSe os contactos com Moscovo fossem considerados trai\u00e7\u00e3o, que era na altura o l\u00edder do CSU, Franz Josef Strauss, j\u00e1 teria cometido trai\u00e7\u00e3o quando voou para Moscovo para negocia\u00e7\u00f5es em 1987 num avi\u00e3o que ele mesmo pilotou, bem no meio da guerra de agress\u00e3o ilegal contra o Afeganist\u00e3o\u201d.<\/p>\n<p>E lembra que o grupo parlamentar da AfD <strong>condenou,<\/strong> por unanimidade, a <strong>invas\u00e3o<\/strong> da R\u00fassia \u00e0 Ucr\u00e2nia.<\/p>\n<p>Steffen Kotr\u00e9, outro participante na confer\u00eancia em Sochi, admite que a comitiva vai \u00e0 procura de <strong>\u201cinteresses alem\u00e3es\u201d<\/strong> que, alega, o Governo da Alemanha j\u00e1 nem procura: energia a pre\u00e7os acess\u00edveis e \u201cdiplomacia da paz\u201d.<\/p>\n<p>    <a href=\"https:\/\/zap.aeiou.pt\/subscrever-newsletter\" data-wpel-link=\"internal\" rel=\"nofollow noopener\" target=\"_blank\">&#13;<br \/>\n        <img loading=\"lazy\" decoding=\"async\" class=\"aligncenter size-full wp-image-575475\" src=\"https:\/\/www.europesays.com\/pt\/wp-content\/uploads\/2025\/11\/2d51fe4a0ba54894421ead1809309ed9-1-450x140.jpg\" alt=\"Subscreva a Newsletter ZAP\" width=\"450\" height=\"140\"\/>&#13;<br \/>\n    <\/a><\/p>\n<p>                <a href=\"https:\/\/whatsapp.com\/channel\/0029VaIC4EE2f3EJZPPSbR34\" data-wpel-link=\"external\" target=\"_blank\" rel=\"nofollow external noopener noreferrer\" class=\"ext-link\">&#13;<br \/>\n                    <img loading=\"lazy\" decoding=\"async\" class=\"aligncenter size-full wp-image-575475\" src=\"https:\/\/www.europesays.com\/pt\/wp-content\/uploads\/2025\/11\/c68c559d956d4ca20f435ed74a6e71e6.png\" alt=\"Siga-nos no WhatsApp\" width=\"175\" height=\"64\"\/>&#13;<br \/>\n                <\/a><\/p>\n<p>                <a href=\"https:\/\/news.google.com\/publications\/CAAiEHRwZondIV71PDjWNoqMduEqFAgKIhB0cGaJ3SFe9Tw41jaKjHbh?hl=en-US&amp;gl=US&amp;ceid=US%3Aen\" data-wpel-link=\"external\" target=\"_blank\" rel=\"nofollow external noopener noreferrer\" class=\"ext-link\">&#13;<br \/>\n                    <img loading=\"lazy\" decoding=\"async\" class=\"aligncenter size-full wp-image-575475\" src=\"https:\/\/www.europesays.com\/pt\/wp-content\/uploads\/2025\/11\/5123dd8b087b644fdb8f8603acd1bad4.png\" alt=\"Siga-nos no Google News\" width=\"176\" height=\"64\"\/>&#13;<br \/>\n                <\/a><\/p>\n","protected":false},"excerpt":{"rendered":"Kremlin Vladimir Putin, presidente da R\u00fassia Pol\u00edticos do CDU e do SPD avisam que a presen\u00e7a nessa confer\u00eancia&hellip;\n","protected":false},"author":2,"featured_media":146865,"comment_status":"","ping_status":"","sticky":false,"template":"","format":"standard","meta":{"footnotes":""},"categories":[50],"tags":[1305,27,28,476,15,16,4006,14,25,26,21,22,62,12,13,19,20,4007,23,24,839,17,18,29,30,31,63,64,65],"class_list":{"0":"post-146864","1":"post","2":"type-post","3":"status-publish","4":"format-standard","5":"has-post-thumbnail","7":"category-mundo","8":"tag-alemanha","9":"tag-breaking-news","10":"tag-breakingnews","11":"tag-economia","12":"tag-featured-news","13":"tag-featurednews","14":"tag-geopolitica","15":"tag-headlines","16":"tag-latest-news","17":"tag-latestnews","18":"tag-main-news","19":"tag-mainnews","20":"tag-mundo","21":"tag-news","22":"tag-noticias","23":"tag-noticias-principais","24":"tag-noticiasprincipais","25":"tag-politica-internacional","26":"tag-principais-noticias","27":"tag-principaisnoticias","28":"tag-russia","29":"tag-top-stories","30":"tag-topstories","31":"tag-ultimas","32":"tag-ultimas-noticias","33":"tag-ultimasnoticias","34":"tag-world","35":"tag-world-news","36":"tag-worldnews"},"share_on_mastodon":{"url":"https:\/\/pubeurope.com\/@pt\/115526696281880492","error":""},"_links":{"self":[{"href":"https:\/\/www.europesays.com\/pt\/wp-json\/wp\/v2\/posts\/146864","targetHints":{"allow":["GET"]}}],"collection":[{"href":"https:\/\/www.europesays.com\/pt\/wp-json\/wp\/v2\/posts"}],"about":[{"href":"https:\/\/www.europesays.com\/pt\/wp-json\/wp\/v2\/types\/post"}],"author":[{"embeddable":true,"href":"https:\/\/www.europesays.com\/pt\/wp-json\/wp\/v2\/users\/2"}],"replies":[{"embeddable":true,"href":"https:\/\/www.europesays.com\/pt\/wp-json\/wp\/v2\/comments?post=146864"}],"version-history":[{"count":0,"href":"https:\/\/www.europesays.com\/pt\/wp-json\/wp\/v2\/posts\/146864\/revisions"}],"wp:featuredmedia":[{"embeddable":true,"href":"https:\/\/www.europesays.com\/pt\/wp-json\/wp\/v2\/media\/146865"}],"wp:attachment":[{"href":"https:\/\/www.europesays.com\/pt\/wp-json\/wp\/v2\/media?parent=146864"}],"wp:term":[{"taxonomy":"category","embeddable":true,"href":"https:\/\/www.europesays.com\/pt\/wp-json\/wp\/v2\/categories?post=146864"},{"taxonomy":"post_tag","embeddable":true,"href":"https:\/\/www.europesays.com\/pt\/wp-json\/wp\/v2\/tags?post=146864"}],"curies":[{"name":"wp","href":"https:\/\/api.w.org\/{rel}","templated":true}]}}