{"id":146870,"date":"2025-11-10T17:59:08","date_gmt":"2025-11-10T17:59:08","guid":{"rendered":"https:\/\/www.europesays.com\/pt\/146870\/"},"modified":"2025-11-10T17:59:08","modified_gmt":"2025-11-10T17:59:08","slug":"millie-bobby-brown-relembra-esforcos-fisicos-para-ultima-temporada-de-stranger-things","status":"publish","type":"post","link":"https:\/\/www.europesays.com\/pt\/146870\/","title":{"rendered":"Millie Bobby Brown relembra esfor\u00e7os f\u00edsicos para \u00faltima temporada de &#8216;Stranger Things&#8217;"},"content":{"rendered":"<p>A quinta e \u00faltima temporada de \u201c<a href=\"https:\/\/recreio.com.br\/tags\/stranger-things\" target=\"_blank\" rel=\"noopener nofollow\">Stranger Things<\/a>\u201d \u00e9 um dos acontecimentos mais aguardados de 2025. Com o primeiro volume de epis\u00f3dios chegando em 26 de novembro, as promo\u00e7\u00f5es para a esperada estreia j\u00e1 foram iniciadas, aumentando ainda mais a expectativa dos f\u00e3s.<\/p>\n<p>Em entrevista ao <a href=\"https:\/\/www.hollywoodreporter.com\/tv\/tv-news\/millie-bobby-brown-tom-cruise-final-season-stranger-things-1236422181\/\" target=\"_blank\" rel=\"noopener nofollow\">The Hollywood Reporter<\/a> durante um evento realizado no \u00faltimo s\u00e1bado, 8, <a href=\"https:\/\/www.instagram.com\/milliebobbybrown\/\" target=\"_blank\" rel=\"noopener nofollow\"><strong>Millie Bobbie Brown<\/strong><\/a>, int\u00e9rprete de Eleven, deu detalhes sobre o esfor\u00e7o f\u00edsico que precisou realizar durante as grava\u00e7\u00f5es dos \u00faltimos epis\u00f3dios \u2014 algo que n\u00e3o aconteceu em temporadas anteriores, segundo a atriz.<\/p>\n<blockquote>\n<p>\u201cSinto que os Duffer estiveram me treinando para este momento. Foi muito empolgante ser um recurso maior nessa temporada, n\u00e3o s\u00f3 pelos poderes dela, mas tamb\u00e9m pelo treinamento f\u00edsico e atributos em que ela mesma trabalhou.\u201d, declarou a artista.<\/p>\n<\/blockquote>\n<p><strong>Brown<\/strong> ainda completou sua fala afirmando que o esfor\u00e7o \u201cFoi muito divertido, definitivamente incorporei o meu Tom Cruise interior. Sinto que o Volume Um vai dar uma ideia de para o que ela esteve treinando, e estou ansiosa para todo mundo ver at\u00e9 onde isso vai levar\u201d.<\/p>\n<p> \u00daltima temporada de Stranger Things <\/p>\n<p>O desfecho dos acontecimentos em Hawkins ser\u00e3o revelados em tr\u00eas partes, com lan\u00e7amentos programados para o final de 2025:<\/p>\n<ul>\n<li>Volume 1: Estreia em 26 de novembro, com quatro epis\u00f3dios.<\/li>\n<li>Volume 2: Lan\u00e7amento no Natal, em 25 de dezembro, com tr\u00eas cap\u00edtulos.<\/li>\n<li>Epis\u00f3dio Final: O \u00faltimo epis\u00f3dio da s\u00e9rie ser\u00e1 lan\u00e7ado no dia 31 de dezembro, fechando o ciclo \u00e9pico da produ\u00e7\u00e3o.<\/li>\n<\/ul>\n<p>Na \u00faltima sexta-feira, 7, a <a href=\"https:\/\/www.netflix.com\/browse\" target=\"_blank\" rel=\"noopener nofollow\">Netflix<\/a> divulgou durante um evento especial em Los Angeles os cinco primeiros minutos do epis\u00f3dio inicial da quinta temporada. No trecho, os f\u00e3s voltam \u00e0s origens da saga, remetendo diretamente aos acontecimentos da primeira temporada, quando Will Byers (<a href=\"https:\/\/pt.wikipedia.org\/wiki\/Noah_Schnapp\" target=\"_blank\" rel=\"noopener nofollow\"><strong>Noah Schnapp<\/strong><\/a>) foi raptado.<\/p>\n<p>Dessa forma, por meio da pr\u00e9via, \u00e9 poss\u00edvel concluir que os epis\u00f3dios finais dever\u00e3o responder uma das maiores quest\u00f5es da s\u00e9rie, existente desde a primeira temporada: afinal, por que Will foi o escolhido para ser levado para o Mundo Invertido, e n\u00e3o morto, como tantas outras v\u00edtimas?<\/p>\n<p>        <a href=\"https:\/\/recreio.com.br\/noticias\/author\/daniela-bazi\" rel=\"nofollow noopener\" target=\"_blank\">&#13;<br \/>\n          <img alt=\"Daniela Bazi\" src=\"https:\/\/www.europesays.com\/pt\/wp-content\/uploads\/2025\/11\/1762797548_572_701cc86240953f42e068ecf8a0bb18dadb05bc88d7e776f8edb20aaea33b4eea\"  class=\"avatar avatar-115 photo rounded-circle mr-3\" height=\"115\" width=\"115\" loading=\"lazy\" decoding=\"async\"\/>        <\/a><\/p>\n<p>Daniela Bazi \u00e9 jornalista graduada pela UNINOVE, e bruxa formada na Escola de Magia e Bruxaria de Hogwarts. Amante de anima\u00e7\u00f5es, filmes e s\u00e9ries, tamb\u00e9m \u00e9 f\u00e3 de divas pop, entusiasta da Disney e k-popper nas horas vagas.<\/p>\n<p>\t                                            <script async src=\"\/\/www.instagram.com\/embed.js\"><\/script><\/p>\n","protected":false},"excerpt":{"rendered":"A quinta e \u00faltima temporada de \u201cStranger Things\u201d \u00e9 um dos acontecimentos mais aguardados de 2025. Com o&hellip;\n","protected":false},"author":2,"featured_media":146871,"comment_status":"","ping_status":"","sticky":false,"template":"","format":"standard","meta":{"footnotes":""},"categories":[145],"tags":[211,210,114,115,30722,716,32,33,941,1611],"class_list":{"0":"post-146870","1":"post","2":"type-post","3":"status-publish","4":"format-standard","5":"has-post-thumbnail","7":"category-celebridades","8":"tag-celebridades","9":"tag-celebrities","10":"tag-entertainment","11":"tag-entretenimento","12":"tag-millie-bobby-brown","13":"tag-netflix","14":"tag-portugal","15":"tag-pt","16":"tag-series","17":"tag-stranger-things"},"share_on_mastodon":{"url":"https:\/\/pubeurope.com\/@pt\/115526708074476515","error":""},"_links":{"self":[{"href":"https:\/\/www.europesays.com\/pt\/wp-json\/wp\/v2\/posts\/146870","targetHints":{"allow":["GET"]}}],"collection":[{"href":"https:\/\/www.europesays.com\/pt\/wp-json\/wp\/v2\/posts"}],"about":[{"href":"https:\/\/www.europesays.com\/pt\/wp-json\/wp\/v2\/types\/post"}],"author":[{"embeddable":true,"href":"https:\/\/www.europesays.com\/pt\/wp-json\/wp\/v2\/users\/2"}],"replies":[{"embeddable":true,"href":"https:\/\/www.europesays.com\/pt\/wp-json\/wp\/v2\/comments?post=146870"}],"version-history":[{"count":0,"href":"https:\/\/www.europesays.com\/pt\/wp-json\/wp\/v2\/posts\/146870\/revisions"}],"wp:featuredmedia":[{"embeddable":true,"href":"https:\/\/www.europesays.com\/pt\/wp-json\/wp\/v2\/media\/146871"}],"wp:attachment":[{"href":"https:\/\/www.europesays.com\/pt\/wp-json\/wp\/v2\/media?parent=146870"}],"wp:term":[{"taxonomy":"category","embeddable":true,"href":"https:\/\/www.europesays.com\/pt\/wp-json\/wp\/v2\/categories?post=146870"},{"taxonomy":"post_tag","embeddable":true,"href":"https:\/\/www.europesays.com\/pt\/wp-json\/wp\/v2\/tags?post=146870"}],"curies":[{"name":"wp","href":"https:\/\/api.w.org\/{rel}","templated":true}]}}