{"id":14688,"date":"2025-08-03T20:53:22","date_gmt":"2025-08-03T20:53:22","guid":{"rendered":"https:\/\/www.europesays.com\/pt\/14688\/"},"modified":"2025-08-03T20:53:22","modified_gmt":"2025-08-03T20:53:22","slug":"este-e-o-carro-eletrico-chines-com-o-motor-mais-eficiente-do-mundo","status":"publish","type":"post","link":"https:\/\/www.europesays.com\/pt\/14688\/","title":{"rendered":"Este \u00e9 o carro el\u00e9trico chin\u00eas com o motor mais eficiente do mundo"},"content":{"rendered":"<p data-start=\"421\" data-end=\"819\">Anote este nome: Deepal. A marca chinesa de ve\u00edculos el\u00e9tricos do grupo Changan quer se destacar em meio \u00e0 multid\u00e3o de fabricantes no mercado chin\u00eas \u2013 e aposta em inova\u00e7\u00e3o t\u00e9cnica para isso. Durante sua confer\u00eancia anual, a empresa revelou um novo sistema de propuls\u00e3o el\u00e9trica que promete ser o mais eficiente do mundo, com 92,59% de efici\u00eancia energ\u00e9tica e alta densidade de pot\u00eancia.<\/p>\n<p>Batizado de Force Super Integrate Electric Drive, o novo sistema el\u00e9trico da Deepal re\u00fane em um \u00fanico conjunto compacto motor, eletr\u00f4nica de controle, unidades auxiliares e centrais de pot\u00eancia \u2013 em um conceito semelhante ao usado pela BYD. De acordo com a marca, o conjunto atinge uma densidade de pot\u00eancia de <strong>2,53 kW\/kg<\/strong>, o maior \u00edndice j\u00e1 registrado.<\/p>\n<p data-start=\"1219\" data-end=\"1448\">A solu\u00e7\u00e3o \u00e9 parte de uma nova arquitetura chamada Super Range Extender, combinando esse sistema el\u00e9trico com um extensor de autonomia. O sistema \u00e9 capaz de converter 1 litro de combust\u00edvel em 3,63 kWh de energia el\u00e9trica.<\/p>\n<p>                            <a href=\"http:\/\/insideevs.uol.com.br\/photos\/909381\/changan-deepal-s05\/#8205719_changan-deepal-s05\" class=\"msnt-photo-thumb-gallery-main-photo-box\" rel=\"nofollow noopener\" target=\"_blank\"><\/p>\n<p>                                    <img decoding=\"async\" src=\"https:\/\/www.europesays.com\/pt\/wp-content\/uploads\/2025\/07\/16x9-tr.png\" loading=\"lazy\" alt=\"Changan Deepal S05\" width=\"16\" height=\"9\"\/><\/p>\n<p>                            <\/a><\/p>\n<p>                                    5                                <\/p>\n<p>\n                            Fonte: Changan                        <\/p>\n<p>Expans\u00e3o agressiva<\/p>\n<p data-start=\"1474\" data-end=\"1870\">Durante o evento, a Changan tamb\u00e9m anunciou que a Deepal planeja lan\u00e7ar um novo modelo a cada duas semanas nos pr\u00f3ximos dois meses e, no total, 30 ve\u00edculos nos pr\u00f3ximos 5 anos. Um dos destaques \u00e9 o SUV Deepal L06, o primeiro do mundo com arquitetura de software baseada em chip de 3 nan\u00f4metros, oferecendo alt\u00edssimo poder de processamento e condu\u00e7\u00e3o aut\u00f4noma avan\u00e7ada em todas as vers\u00f5es.<\/p>\n<p data-start=\"1872\" data-end=\"2030\">Outro destaque \u00e9 o Deepal S05 EREX, SUV com <a href=\"https:\/\/insideevs.uol.com.br\/news\/category\/baterias\/\" data-inline-widget=\"internal-links\" rel=\"nofollow noopener\" target=\"_blank\">baterias<\/a> da CATL, sistema h\u00edbrido do tipo EREV (el\u00e9trico com extensor de autonomia) e autonomia de 620 km.<\/p>\n<p>        <img decoding=\"async\" src=\"https:\/\/www.europesays.com\/pt\/wp-content\/uploads\/2025\/07\/16x9-tr.png\" alt=\"Changan Deepal S05\" width=\"16\" height=\"9\" loading=\"lazy\"\/><\/p>\n<p>Foto de: Changan<\/p>\n<p data-start=\"2058\" data-end=\"2278\">Por enquanto, os modelos da Deepal s\u00e3o vendidos apenas na <a href=\"https:\/\/insideevs.uol.com.br\/news\/category\/china\/\" data-inline-widget=\"internal-links\" rel=\"nofollow noopener\" target=\"_blank\">China<\/a>, onde estrearam no fim de 2024. A expectativa da Changan \u00e9 atingir 200 mil unidades comercializadas em 2025, com crescimento cont\u00ednuo nos pr\u00f3ximos anos.<\/p>\n<p data-start=\"2280\" data-end=\"2531\">A fabricante tamb\u00e9m j\u00e1 estuda a entrada em mercados europeus, como Alemanha, Reino Unido e Holanda, e avalia at\u00e9 mesmo produzir modelos localmente na Europa. A Deepal deve ser a ponta de lan\u00e7a da Changan para essa expans\u00e3o no Velho Continente.<\/p>\n<p>Perguntas Frequentes (FAQ)<\/p>\n<p>O que \u00e9 a marca Deepal?<\/p>\n<p>Deepal \u00e9 uma marca chinesa de ve\u00edculos el\u00e9tricos do grupo Changan, focada em tecnologia avan\u00e7ada e inova\u00e7\u00e3o no mercado automotivo.<\/p>\n<p>Qual \u00e9 a efici\u00eancia do motor el\u00e9trico da Deepal?<\/p>\n<p>O motor el\u00e9trico da Deepal alcan\u00e7a uma efici\u00eancia recorde de 92,59%, considerada a mais alta do mundo para esse tipo de sistema.<\/p>\n<p>Qual \u00e9 a autonomia do SUV Deepal S05 EREX?<\/p>\n<p>O Deepal S05 EREX possui autonomia de at\u00e9 620 km gra\u00e7as ao sistema h\u00edbrido com extensor de autonomia e baterias da CATL.<\/p>\n<p>Quando a Deepal pretende lan\u00e7ar seus ve\u00edculos com essa tecnologia?<\/p>\n<p>Os ve\u00edculos com essa nova tecnologia est\u00e3o previstos para serem lan\u00e7ados no mercado em 2026.<\/p>\n<p>A Deepal pretende expandir para mercados fora da China?<\/p>\n<p>Sim, a marca est\u00e1 estudando a entrada em mercados europeus, como Alemanha, Reino Unido e Holanda, e at\u00e9 a possibilidade de produzir ve\u00edculos localmente.<\/p>\n","protected":false},"excerpt":{"rendered":"Anote este nome: Deepal. A marca chinesa de ve\u00edculos el\u00e9tricos do grupo Changan quer se destacar em meio&hellip;\n","protected":false},"author":2,"featured_media":14689,"comment_status":"","ping_status":"","sticky":false,"template":"","format":"standard","meta":{"footnotes":""},"categories":[83],"tags":[88,89,90,729,32,33],"class_list":{"0":"post-14688","1":"post","2":"type-post","3":"status-publish","4":"format-standard","5":"has-post-thumbnail","7":"category-empresas","8":"tag-business","9":"tag-economy","10":"tag-empresas","11":"tag-oficial","12":"tag-portugal","13":"tag-pt"},"share_on_mastodon":{"url":"","error":""},"_links":{"self":[{"href":"https:\/\/www.europesays.com\/pt\/wp-json\/wp\/v2\/posts\/14688","targetHints":{"allow":["GET"]}}],"collection":[{"href":"https:\/\/www.europesays.com\/pt\/wp-json\/wp\/v2\/posts"}],"about":[{"href":"https:\/\/www.europesays.com\/pt\/wp-json\/wp\/v2\/types\/post"}],"author":[{"embeddable":true,"href":"https:\/\/www.europesays.com\/pt\/wp-json\/wp\/v2\/users\/2"}],"replies":[{"embeddable":true,"href":"https:\/\/www.europesays.com\/pt\/wp-json\/wp\/v2\/comments?post=14688"}],"version-history":[{"count":0,"href":"https:\/\/www.europesays.com\/pt\/wp-json\/wp\/v2\/posts\/14688\/revisions"}],"wp:featuredmedia":[{"embeddable":true,"href":"https:\/\/www.europesays.com\/pt\/wp-json\/wp\/v2\/media\/14689"}],"wp:attachment":[{"href":"https:\/\/www.europesays.com\/pt\/wp-json\/wp\/v2\/media?parent=14688"}],"wp:term":[{"taxonomy":"category","embeddable":true,"href":"https:\/\/www.europesays.com\/pt\/wp-json\/wp\/v2\/categories?post=14688"},{"taxonomy":"post_tag","embeddable":true,"href":"https:\/\/www.europesays.com\/pt\/wp-json\/wp\/v2\/tags?post=14688"}],"curies":[{"name":"wp","href":"https:\/\/api.w.org\/{rel}","templated":true}]}}