{"id":146893,"date":"2025-11-10T18:16:10","date_gmt":"2025-11-10T18:16:10","guid":{"rendered":"https:\/\/www.europesays.com\/pt\/146893\/"},"modified":"2025-11-10T18:16:10","modified_gmt":"2025-11-10T18:16:10","slug":"secret-story-9-as-imagens-da-amizade-de-ana-cristina-e-raquel-fora-da-casa-que-o-vao-surpreender-secret-story","status":"publish","type":"post","link":"https:\/\/www.europesays.com\/pt\/146893\/","title":{"rendered":"Secret Story 9: As imagens da amizade de Ana Cristina e Raquel fora da casa que o v\u00e3o surpreender &#8211; Secret Story"},"content":{"rendered":"<p>\n                    A aventura no Secret Story 9 terminou para Raquel, mas a amizade que a une a Ana Cristina continua mais forte do que nunca.\n                <\/p>\n<p style=\"margin-bottom:11px\"><strong>Raquel <\/strong>entrou na casa mais vigiada do Pa\u00eds, mas n\u00e3o entrou sozinha, <strong>a concorrente entrou lado a lado com a melhor amiga, Ana Cristina<\/strong>. A aventura no Secret Story 9, terminou para Raquel, no passado domingo, dia 10 de novembro, mas o que a une a Ana Cristina <strong>est\u00e1 longe de ter acabado.<\/strong><\/p>\n<p>Na primeira entrevista ap\u00f3s ter abandonado a casa mais vigiada do Pa\u00eds,<strong> Raquel contou como ambas se conheceram<\/strong>:<\/p>\n<p>\u00abN\u00f3s estud\u00e1mos juntas na universidade, ela entrou dois anos depois de eu ter entrado, j\u00e1 t\u00ednhamos amigos em comum. Eu quando entrei tornei-me muito amiga, de um rapaz que \u00e9 amigo da Ana desde inf\u00e2ncia. Atualmente ainda somos todos amigos, n\u00f3s temos um grupo muito coeso da universidade e dede a\u00ed, nunca mais deix\u00e1mos de ser amigas.\u00bb contou a jovem.<\/p>\n<p>Durante a conversa,<strong> Raquel admitiu que a rela\u00e7\u00e3o que as une \u00e9 muito forte e o grupo de amigos que partilham<\/strong>, embora n\u00e3o soubesse que iam entrar nesta aventura, esteve sempre a apoi\u00e1-las fora da casa.<\/p>\n<p><strong>Percorra agora a galeria de fotos que prepar\u00e1mos para si e conhe\u00e7a melhor esta amizade.<\/strong><\/p>\n","protected":false},"excerpt":{"rendered":"A aventura no Secret Story 9 terminou para Raquel, mas a amizade que a une a Ana Cristina&hellip;\n","protected":false},"author":2,"featured_media":146894,"comment_status":"","ping_status":"","sticky":false,"template":"","format":"standard","meta":{"footnotes":""},"categories":[142],"tags":[19725,114,115,18672,18673,18674,32,33,5936,151],"class_list":{"0":"post-146893","1":"post","2":"type-post","3":"status-publish","4":"format-standard","5":"has-post-thumbnail","7":"category-tv","8":"tag-ana-cristina","9":"tag-entertainment","10":"tag-entretenimento","11":"tag-fotos-oficiais-secret-story","12":"tag-galerias-casa-dos-segredos","13":"tag-imagens-concorrentes-tvi","14":"tag-portugal","15":"tag-pt","16":"tag-raquel","17":"tag-tv"},"share_on_mastodon":{"url":"https:\/\/pubeurope.com\/@pt\/115526774700625712","error":""},"_links":{"self":[{"href":"https:\/\/www.europesays.com\/pt\/wp-json\/wp\/v2\/posts\/146893","targetHints":{"allow":["GET"]}}],"collection":[{"href":"https:\/\/www.europesays.com\/pt\/wp-json\/wp\/v2\/posts"}],"about":[{"href":"https:\/\/www.europesays.com\/pt\/wp-json\/wp\/v2\/types\/post"}],"author":[{"embeddable":true,"href":"https:\/\/www.europesays.com\/pt\/wp-json\/wp\/v2\/users\/2"}],"replies":[{"embeddable":true,"href":"https:\/\/www.europesays.com\/pt\/wp-json\/wp\/v2\/comments?post=146893"}],"version-history":[{"count":0,"href":"https:\/\/www.europesays.com\/pt\/wp-json\/wp\/v2\/posts\/146893\/revisions"}],"wp:featuredmedia":[{"embeddable":true,"href":"https:\/\/www.europesays.com\/pt\/wp-json\/wp\/v2\/media\/146894"}],"wp:attachment":[{"href":"https:\/\/www.europesays.com\/pt\/wp-json\/wp\/v2\/media?parent=146893"}],"wp:term":[{"taxonomy":"category","embeddable":true,"href":"https:\/\/www.europesays.com\/pt\/wp-json\/wp\/v2\/categories?post=146893"},{"taxonomy":"post_tag","embeddable":true,"href":"https:\/\/www.europesays.com\/pt\/wp-json\/wp\/v2\/tags?post=146893"}],"curies":[{"name":"wp","href":"https:\/\/api.w.org\/{rel}","templated":true}]}}