{"id":146917,"date":"2025-11-10T18:31:12","date_gmt":"2025-11-10T18:31:12","guid":{"rendered":"https:\/\/www.europesays.com\/pt\/146917\/"},"modified":"2025-11-10T18:31:12","modified_gmt":"2025-11-10T18:31:12","slug":"sinteck-next-apresenta-tecnologias-hibridas-e-solucoes-para-estacoes-complementares","status":"publish","type":"post","link":"https:\/\/www.europesays.com\/pt\/146917\/","title":{"rendered":"Sinteck Next apresenta tecnologias h\u00edbridas e solu\u00e7\u00f5es para esta\u00e7\u00f5es complementares"},"content":{"rendered":"<p>A <strong>Sinteck Next<\/strong> tem intensificado sua presen\u00e7a em encontros regionais de radiodifus\u00e3o pelo pa\u00eds, como os realizados recentemente em <strong>Canela (RS)<\/strong>, durante a <strong>Agert<\/strong>, e no <strong>Recife (PE)<\/strong>, na <strong>Asserpe<\/strong>. Nestes eventos, a empresa apresentou solu\u00e7\u00f5es voltadas \u00e0s novas demandas do setor, com destaque para o <strong>enlace h\u00edbrido IP\/950MHz<\/strong> \u2014 tecnologia que garante a continuidade da transmiss\u00e3o mesmo em situa\u00e7\u00f5es de instabilidade na internet \u2014, al\u00e9m de equipamentos preparados para o sincronismo em esta\u00e7\u00f5es complementares e recursos integrados como <strong>RDS<\/strong>. A participa\u00e7\u00e3o da companhia tem como objetivo acompanhar de perto a evolu\u00e7\u00e3o da radiodifus\u00e3o brasileira, oferecendo alternativas t\u00e9cnicas eficazes para ampliar a cobertura das emissoras com qualidade.<\/p>\n<p>Um dos principais destaques foi o <strong>enlace h\u00edbrido IP\/950MHz<\/strong>, equipamento que opera prioritariamente via IP e, em caso de falha na conex\u00e3o com a internet, comuta automaticamente para a frequ\u00eancia de 950MHz. \u201cSe por algum motivo o sinal for perdido por completo, o sistema ainda pode buscar o streaming da r\u00e1dio ou, na aus\u00eancia de internet, acessar um conte\u00fado via pendrive USB\u201d, explicou <strong>Tiago Granello<\/strong>, International Sales Manager da <strong>Sinteck Next<\/strong>. \u201cA ideia \u00e9 justamente garantir que a emissora nunca fique fora do ar\u201d, completou.<\/p>\n<p>Segundo Granello, a receptividade foi positiva tanto no Nordeste quanto no Sul do pa\u00eds. \u201cO pessoal \u00e9 sempre \u00e1vido por tecnologia e informa\u00e7\u00e3o. Percebemos que a nossa presen\u00e7a nesses encontros preenche uma lacuna importante\u201d, avaliou o executivo.<\/p>\n<p>Com o avan\u00e7o das publica\u00e7\u00f5es de esta\u00e7\u00f5es complementares em todo o pa\u00eds, a empresa tamb\u00e9m tem desenvolvido solu\u00e7\u00f5es espec\u00edficas para esse novo cen\u00e1rio. \u201cEstamos acompanhando de perto esse movimento, que tem se mostrado muito din\u00e2mico, com novas esta\u00e7\u00f5es sendo autorizadas quinzenalmente\u201d, afirmou Tiago. Uma das inova\u00e7\u00f5es \u00e9 o uso de <strong>codecs com suporte a Micro MPX<\/strong>, que permitem o sincronismo de \u00e1udio para reduzir batimentos entre sinais. \u201cNosso objetivo \u00e9 sincronizar as transmiss\u00f5es de forma que o receptor, mesmo sendo anal\u00f3gico, consiga \u2018somar\u2019 os sinais recebidos, e n\u00e3o dividi-los\u201d, pontuou Granello. \u201cCom isso, o ouvinte n\u00e3o percebe interfer\u00eancias ao transitar entre \u00e1reas de cobertura das diferentes esta\u00e7\u00f5es complementares\u201d.<\/p>\n<p>A <strong>Sinteck Next<\/strong> tamb\u00e9m apresentou seu novo transmissor <strong>DDS<\/strong>, que, segundo a empresa, facilita o sincronismo da portadora do FM, aprimorando a qualidade e a efic\u00e1cia da cobertura por esta\u00e7\u00f5es complementares.<\/p>\n<p>Outra funcionalidade amplamente adotada nos equipamentos da empresa \u00e9 o <strong>RDS<\/strong>. \u201cTodos os nossos modelos, como as linhas EX, XT e RUS, j\u00e1 contam com RDS de f\u00e1brica\u201d, explicou o executivo. Ele ressaltou que esse recurso traz vantagens estrat\u00e9gicas \u00e0s emissoras: \u201cO RDS permite que o nome da emissora apare\u00e7a nos receptores, facilitando a identifica\u00e7\u00e3o pelo ouvinte, especialmente em r\u00e1dios de painel veicular\u201d.<\/p>\n<p style=\"text-align: center;\"><img decoding=\"async\" alt=\"\" src=\"https:\/\/www.europesays.com\/pt\/wp-content\/uploads\/2025\/11\/6911059f50a1f.png\" style=\"height:667px; width:500px\" \/><br \/>&#13;<br \/>\nEquipamento em destaque no estande da Sinteck no Recife \/ tudoradio.com<\/p>\n<p>As apresenta\u00e7\u00f5es realizadas nos eventos promovidos pela <strong>Agert<\/strong> (Associa\u00e7\u00e3o Ga\u00facha de Emissoras de R\u00e1dio e Televis\u00e3o) e pela <strong>Asserpe<\/strong> (Associa\u00e7\u00e3o das Empresas de R\u00e1dio e Televis\u00e3o de Pernambuco) integram o cronograma da <strong>Sinteck Next<\/strong> para atender a demandas do setor e estreitar la\u00e7os com radiodifusores de todo o Brasil.<\/p>\n<p>&#13;<br \/>\n\t\t\t\tTags:&#13;<br \/>\n\t\t\t\tSinteck Next, radiodifus\u00e3o, enlace h\u00edbrido, esta\u00e7\u00e3o complementar, RDS, Agert, Asserpe, transmissor DDS&#13;\n\t\t\t<\/p>\n","protected":false},"excerpt":{"rendered":"A Sinteck Next tem intensificado sua presen\u00e7a em encontros regionais de radiodifus\u00e3o pelo pa\u00eds, como os realizados recentemente&hellip;\n","protected":false},"author":2,"featured_media":146918,"comment_status":"","ping_status":"","sticky":false,"template":"","format":"standard","meta":{"footnotes":""},"categories":[141],"tags":[32108,32109,32105,114,115,32106,149,150,32,33,30857,32107,32104,32110],"class_list":{"0":"post-146917","1":"post","2":"type-post","3":"status-publish","4":"format-standard","5":"has-post-thumbnail","7":"category-musica","8":"tag-agert","9":"tag-asserpe","10":"tag-enlace-hibrido","11":"tag-entertainment","12":"tag-entretenimento","13":"tag-estacao-complementar","14":"tag-music","15":"tag-musica","16":"tag-portugal","17":"tag-pt","18":"tag-radiodifusao","19":"tag-rds","20":"tag-sinteck-next","21":"tag-transmissor-dds"},"share_on_mastodon":{"url":"https:\/\/pubeurope.com\/@pt\/115526833744527264","error":""},"_links":{"self":[{"href":"https:\/\/www.europesays.com\/pt\/wp-json\/wp\/v2\/posts\/146917","targetHints":{"allow":["GET"]}}],"collection":[{"href":"https:\/\/www.europesays.com\/pt\/wp-json\/wp\/v2\/posts"}],"about":[{"href":"https:\/\/www.europesays.com\/pt\/wp-json\/wp\/v2\/types\/post"}],"author":[{"embeddable":true,"href":"https:\/\/www.europesays.com\/pt\/wp-json\/wp\/v2\/users\/2"}],"replies":[{"embeddable":true,"href":"https:\/\/www.europesays.com\/pt\/wp-json\/wp\/v2\/comments?post=146917"}],"version-history":[{"count":0,"href":"https:\/\/www.europesays.com\/pt\/wp-json\/wp\/v2\/posts\/146917\/revisions"}],"wp:featuredmedia":[{"embeddable":true,"href":"https:\/\/www.europesays.com\/pt\/wp-json\/wp\/v2\/media\/146918"}],"wp:attachment":[{"href":"https:\/\/www.europesays.com\/pt\/wp-json\/wp\/v2\/media?parent=146917"}],"wp:term":[{"taxonomy":"category","embeddable":true,"href":"https:\/\/www.europesays.com\/pt\/wp-json\/wp\/v2\/categories?post=146917"},{"taxonomy":"post_tag","embeddable":true,"href":"https:\/\/www.europesays.com\/pt\/wp-json\/wp\/v2\/tags?post=146917"}],"curies":[{"name":"wp","href":"https:\/\/api.w.org\/{rel}","templated":true}]}}