{"id":146931,"date":"2025-11-10T18:38:10","date_gmt":"2025-11-10T18:38:10","guid":{"rendered":"https:\/\/www.europesays.com\/pt\/146931\/"},"modified":"2025-11-10T18:38:10","modified_gmt":"2025-11-10T18:38:10","slug":"papa-sobre-ia-e-medicina-jamais-perder-de-vista-a-dignidade-humana","status":"publish","type":"post","link":"https:\/\/www.europesays.com\/pt\/146931\/","title":{"rendered":"Papa sobre IA e medicina: jamais perder de vista a dignidade humana"},"content":{"rendered":"<p>Por ocasi\u00e3o do evento que re\u00fane especialistas do mundo todo para refletir sobre o papel da intelig\u00eancia artificial na sa\u00fade \u00e0 luz da dignidade humana, Le\u00e3o XIV enviou uma mensagem aos participantes.<\/p>\n<p><b>Thulio Fonseca \u2013 Vatican News<\/b><\/p>\n<p>Realiza-se em Roma, de 10 a 12 de novembro, o Congresso Internacional \u201cIA e Medicina: O Desafio da Dignidade Humana\u201d, organizado pela Federa\u00e7\u00e3o Internacional das Associa\u00e7\u00f5es M\u00e9dicas Cat\u00f3licas (FIAMC) e pela Pontif\u00edcia Academia para a Vida (PAV). O encontro re\u00fane especialistas, m\u00e9dicos, te\u00f3logos, pesquisadores e representantes de diversas \u00e1reas para discutir as oportunidades e os desafios \u00e9ticos do uso da intelig\u00eancia artificial (IA) na medicina contempor\u00e2nea. Por ocasi\u00e3o do evento, o Papa Le\u00e3o XIV enviou uma mensagem na qual expressa seu apre\u00e7o pelo tema e destaca a import\u00e2ncia de colocar o desenvolvimento tecnol\u00f3gico a servi\u00e7o da pessoa humana e do bem comum.<\/p>\n<p>\u201cA revolu\u00e7\u00e3o digital desempenha um papel central na conforma\u00e7\u00e3o daquilo que o Papa Francisco chamou de uma \u2018mudan\u00e7a de \u00e9poca\u2019\u201d, escreve o Pont\u00edfice. \u201cVivemos um tempo de novos avan\u00e7os tecnol\u00f3gicos que influenciam profundamente o modo como pensamos e percebemos a n\u00f3s mesmos e aos outros. Hoje interagimos com m\u00e1quinas como se fossem interlocutores, tornando-nos quase uma extens\u00e3o delas. Corremos o risco de perder de vista os rostos humanos ao nosso redor e de esquecer o que \u00e9 verdadeiramente humano.\u201d<\/p>\n<p>Preservar a dignidade humana <\/p>\n<p>O Papa reconhece os grandes benef\u00edcios que a tecnologia tem trazido \u00e0 medicina e \u00e0 sa\u00fade, mas adverte para o risco de seu uso desvinculado da \u00e9tica e da dignidade humana:<\/p>\n<blockquote>\n<p>\u201cO desenvolvimento tecnol\u00f3gico trouxe \u2014 e continua a trazer \u2014 benef\u00edcios significativos \u00e0 humanidade. Contudo, para que haja verdadeiro progresso, \u00e9 imprescind\u00edvel que a dignidade humana e o bem comum permane\u00e7am como prioridades inabal\u00e1veis.\u201d<\/p>\n<\/blockquote>\n<p>Referindo-se \u00e0s poss\u00edveis distor\u00e7\u00f5es no uso da tecnologia, Le\u00e3o XIV recorda que \u201cos instrumentos de que dispomos hoje s\u00e3o ainda mais poderosos e podem produzir efeitos devastadores sobre a vida das pessoas e dos povos, se colocados a servi\u00e7o de ideologias desumanas.\u201d Por outro lado, quando bem orientados, \u201cpodem ter efeitos profundamente transformadores e ben\u00e9ficos.\u201d<\/p>\n<p>    <img decoding=\"async\" src=\"data:image\/gif;base64,R0lGODlhAQABAIAAAAAAAP\/\/\/yH5BAEAAAAALAAAAAABAAEAAAIBRAA7\" data-original=\"https:\/\/www.vaticannews.va\/content\/dam\/vaticannews\/multimedia\/2025\/novembre\/05\/dfdfg.jpg\/_jcr_content\/renditions\/cq5dam.thumbnail.cropped.750.422.jpeg\" alt=\"Imagem de divulga\u00e7\u00e3o do evento\" title=\"Imagem de divulga\u00e7\u00e3o do evento\"\/><\/p>\n<p>\n   Imagem de divulga\u00e7\u00e3o do evento\n  <\/p>\n<p>Guardi\u00f5es da vida <\/p>\n<p>O Papa tamb\u00e9m destacou a nobre miss\u00e3o dos profissionais de sa\u00fade e dos pesquisadores envolvidos na aplica\u00e7\u00e3o da IA no campo m\u00e9dico: \u201cA fragilidade da condi\u00e7\u00e3o humana manifesta-se frequentemente nesse campo\u201d, mas jamais devemos esquecer a dignidade ontol\u00f3gica que pertence \u00e0 pessoa, simplesmente porque ela existe e \u00e9 querida, criada e amada por Deus:<\/p>\n<blockquote>\n<p>\u201cOs profissionais da sa\u00fade t\u00eam a voca\u00e7\u00e3o e a responsabilidade de serem guardi\u00f5es e servidores da vida humana, especialmente em suas fases mais vulner\u00e1veis.\u201d<\/p>\n<\/blockquote>\n<p>Proximidade com os pacientes <\/p>\n<p>O Pont\u00edfice, em seguida, fez um alerta para que o avan\u00e7o tecnol\u00f3gico n\u00e3o comprometa a dimens\u00e3o humana do cuidado:<\/p>\n<p>\u201cA pr\u00e1tica m\u00e9dica exige n\u00e3o apenas compet\u00eancia t\u00e9cnica, mas tamb\u00e9m a capacidade de comunica\u00e7\u00e3o e de proximidade. Ela jamais pode ser reduzida a uma simples resolu\u00e7\u00e3o de problemas. Os dispositivos tecnol\u00f3gicos nunca devem diminuir o valor da rela\u00e7\u00e3o pessoal entre pacientes e profissionais de sa\u00fade.\u201d<\/p>\n<p>Coopera\u00e7\u00e3o entre os diversos setores da sociedade <\/p>\n<p>Le\u00e3o XIV sublinhou, ainda, a necessidade de coopera\u00e7\u00e3o internacional diante dos grandes interesses econ\u00f4micos e pol\u00edticos que envolvem a medicina e a tecnologia, e encorajou uma \u201campla colabora\u00e7\u00e3o entre todos os que atuam na \u00e1rea da sa\u00fade e na pol\u00edtica, al\u00e9m das fronteiras nacionais.\u201d<\/p>\n<p>Ao encerrar sua mensagem, o Santo Padre assegurou suas ora\u00e7\u00f5es pelos participantes e expressou o desejo de que o congresso produza \u201cabundantes frutos\u201d para todos os envolvidos e para \u201cas muitas pessoas que se beneficiar\u00e3o de vosso competente e generoso empenho.\u201d<\/p>\n","protected":false},"excerpt":{"rendered":"Por ocasi\u00e3o do evento que re\u00fane especialistas do mundo todo para refletir sobre o papel da intelig\u00eancia artificial&hellip;\n","protected":false},"author":2,"featured_media":146932,"comment_status":"","ping_status":"","sticky":false,"template":"","format":"standard","meta":{"footnotes":""},"categories":[50],"tags":[18797,27,28,32111,15,16,14,25,26,21,22,6545,1129,62,12,13,19,20,811,23,24,58,17,18,24027,29,30,31,63,64,65],"class_list":{"0":"post-146931","1":"post","2":"type-post","3":"status-publish","4":"format-standard","5":"has-post-thumbnail","7":"category-mundo","8":"tag-academias-pontificias","9":"tag-breaking-news","10":"tag-breakingnews","11":"tag-conferencia","12":"tag-featured-news","13":"tag-featurednews","14":"tag-headlines","15":"tag-latest-news","16":"tag-latestnews","17":"tag-main-news","18":"tag-mainnews","19":"tag-medicina-e-saude","20":"tag-mensagem","21":"tag-mundo","22":"tag-news","23":"tag-noticias","24":"tag-noticias-principais","25":"tag-noticiasprincipais","26":"tag-papa-leao-xiv","27":"tag-principais-noticias","28":"tag-principaisnoticias","29":"tag-sociedade","30":"tag-top-stories","31":"tag-topstories","32":"tag-tutela-da-vida","33":"tag-ultimas","34":"tag-ultimas-noticias","35":"tag-ultimasnoticias","36":"tag-world","37":"tag-world-news","38":"tag-worldnews"},"share_on_mastodon":{"url":"https:\/\/pubeurope.com\/@pt\/115526861015835728","error":""},"_links":{"self":[{"href":"https:\/\/www.europesays.com\/pt\/wp-json\/wp\/v2\/posts\/146931","targetHints":{"allow":["GET"]}}],"collection":[{"href":"https:\/\/www.europesays.com\/pt\/wp-json\/wp\/v2\/posts"}],"about":[{"href":"https:\/\/www.europesays.com\/pt\/wp-json\/wp\/v2\/types\/post"}],"author":[{"embeddable":true,"href":"https:\/\/www.europesays.com\/pt\/wp-json\/wp\/v2\/users\/2"}],"replies":[{"embeddable":true,"href":"https:\/\/www.europesays.com\/pt\/wp-json\/wp\/v2\/comments?post=146931"}],"version-history":[{"count":0,"href":"https:\/\/www.europesays.com\/pt\/wp-json\/wp\/v2\/posts\/146931\/revisions"}],"wp:featuredmedia":[{"embeddable":true,"href":"https:\/\/www.europesays.com\/pt\/wp-json\/wp\/v2\/media\/146932"}],"wp:attachment":[{"href":"https:\/\/www.europesays.com\/pt\/wp-json\/wp\/v2\/media?parent=146931"}],"wp:term":[{"taxonomy":"category","embeddable":true,"href":"https:\/\/www.europesays.com\/pt\/wp-json\/wp\/v2\/categories?post=146931"},{"taxonomy":"post_tag","embeddable":true,"href":"https:\/\/www.europesays.com\/pt\/wp-json\/wp\/v2\/tags?post=146931"}],"curies":[{"name":"wp","href":"https:\/\/api.w.org\/{rel}","templated":true}]}}