{"id":146933,"date":"2025-11-10T18:40:10","date_gmt":"2025-11-10T18:40:10","guid":{"rendered":"https:\/\/www.europesays.com\/pt\/146933\/"},"modified":"2025-11-10T18:40:10","modified_gmt":"2025-11-10T18:40:10","slug":"engasgamento-resulta-em-paragem-cardiorrespiratoria","status":"publish","type":"post","link":"https:\/\/www.europesays.com\/pt\/146933\/","title":{"rendered":"Engasgamento resulta em paragem cardiorrespirat\u00f3ria"},"content":{"rendered":"\n<p class=\"p_0\">Um homem com 50 anos, sofreu esta tarde um engasgamento no Beco Bartolomeu Dias, em S\u00e3o Gon\u00e7alo, sendo que em seguida entrou em paragem cardiorrespirat\u00f3ria.<\/p>\n<p class=\"p_1\">Ao que o JM conseguiu apurar, os elementos de socorro realizaram as manobras de reanima\u00e7\u00e3o, tendo conseguido reverter a situa\u00e7\u00e3o.<\/p>\n<p class=\"p_2\">A v\u00edtima foi transportada para o Hospital Dr. N\u00e9lio Mendon\u00e7a.<\/p>\n<p class=\"p_3\">Os Bombeiros Volunt\u00e1rios Madeirenses foram chamados ao local, assim como a EMIR.<\/p>\n","protected":false},"excerpt":{"rendered":"Um homem com 50 anos, sofreu esta tarde um engasgamento no Beco Bartolomeu Dias, em S\u00e3o Gon\u00e7alo, sendo&hellip;\n","protected":false},"author":2,"featured_media":146934,"comment_status":"","ping_status":"","sticky":false,"template":"","format":"standard","meta":{"footnotes":""},"categories":[10],"tags":[27,28,15,16,14,25,26,21,22,12,13,19,20,32,23,24,33,29129,17,18,29,30,31],"class_list":{"0":"post-146933","1":"post","2":"type-post","3":"status-publish","4":"format-standard","5":"has-post-thumbnail","7":"category-portugal","8":"tag-breaking-news","9":"tag-breakingnews","10":"tag-featured-news","11":"tag-featurednews","12":"tag-headlines","13":"tag-latest-news","14":"tag-latestnews","15":"tag-main-news","16":"tag-mainnews","17":"tag-news","18":"tag-noticias","19":"tag-noticias-principais","20":"tag-noticiasprincipais","21":"tag-portugal","22":"tag-principais-noticias","23":"tag-principaisnoticias","24":"tag-pt","25":"tag-sara-ricardo","26":"tag-top-stories","27":"tag-topstories","28":"tag-ultimas","29":"tag-ultimas-noticias","30":"tag-ultimasnoticias"},"share_on_mastodon":{"url":"https:\/\/pubeurope.com\/@pt\/115526868918170580","error":""},"_links":{"self":[{"href":"https:\/\/www.europesays.com\/pt\/wp-json\/wp\/v2\/posts\/146933","targetHints":{"allow":["GET"]}}],"collection":[{"href":"https:\/\/www.europesays.com\/pt\/wp-json\/wp\/v2\/posts"}],"about":[{"href":"https:\/\/www.europesays.com\/pt\/wp-json\/wp\/v2\/types\/post"}],"author":[{"embeddable":true,"href":"https:\/\/www.europesays.com\/pt\/wp-json\/wp\/v2\/users\/2"}],"replies":[{"embeddable":true,"href":"https:\/\/www.europesays.com\/pt\/wp-json\/wp\/v2\/comments?post=146933"}],"version-history":[{"count":0,"href":"https:\/\/www.europesays.com\/pt\/wp-json\/wp\/v2\/posts\/146933\/revisions"}],"wp:featuredmedia":[{"embeddable":true,"href":"https:\/\/www.europesays.com\/pt\/wp-json\/wp\/v2\/media\/146934"}],"wp:attachment":[{"href":"https:\/\/www.europesays.com\/pt\/wp-json\/wp\/v2\/media?parent=146933"}],"wp:term":[{"taxonomy":"category","embeddable":true,"href":"https:\/\/www.europesays.com\/pt\/wp-json\/wp\/v2\/categories?post=146933"},{"taxonomy":"post_tag","embeddable":true,"href":"https:\/\/www.europesays.com\/pt\/wp-json\/wp\/v2\/tags?post=146933"}],"curies":[{"name":"wp","href":"https:\/\/api.w.org\/{rel}","templated":true}]}}