{"id":146935,"date":"2025-11-10T18:41:31","date_gmt":"2025-11-10T18:41:31","guid":{"rendered":"https:\/\/www.europesays.com\/pt\/146935\/"},"modified":"2025-11-10T18:41:31","modified_gmt":"2025-11-10T18:41:31","slug":"benfica-x-sporting-em-risco","status":"publish","type":"post","link":"https:\/\/www.europesays.com\/pt\/146935\/","title":{"rendered":"Benfica x Sporting em risco"},"content":{"rendered":"<p>&#8211; Advertisement &#8211;<\/p>\n<p><strong>Pedro Gon\u00e7alves sofreu uma les\u00e3o muscular diante do Santa Clara. Primeira estimativa aponta para quatro semanas de paragem. <\/strong><\/p>\n<p>Pedro Gon\u00e7alves<a href=\"https:\/\/bolanarede.pt\/especial-bola-na-rede\/atualidade\/alarmes-ligados-pedro-goncalves-sai-lesionado-do-santa-clara-x-sporting\/\" target=\"_blank\" rel=\"noreferrer noopener nofollow\"> saiu lesionado do Santa Clara x Sporting<\/a> e j\u00e1 h\u00e1 uma primeira expectativa para o tempo de paragem. De acordo com o jornal A Bola, o portugu\u00eas est\u00e1 a contas com uma les\u00e3o na face posterior da coxa e o tempo estimado de paragem est\u00e1 entre as tr\u00eas e as quatro semanas. <\/p>\n<p>Durante as pr\u00f3ximas horas, ser\u00e3o realizados exames m\u00e9dicos, mas a primeira imagem d\u00e1 conta de uma les\u00e3o menos grave do que se temia. Ainda assim, s\u00f3 depois da bateria de testes ser\u00e1 poss\u00edvel aos le\u00f5es determinar com precis\u00e3o a extens\u00e3o da les\u00e3o e, naturalmente, a previs\u00e3o do regresso.<\/p>\n<p>Certa \u00e9 a aus\u00eancia de Pedro Gon\u00e7alves dos pr\u00f3ximos dois jogos de Portugal, para os quais estava convocado. Em risco encontra-se o Benfica x Sporting, encontro da Primeira Liga que ser\u00e1 jogado a 5 de dezembro. <\/p>\n","protected":false},"excerpt":{"rendered":"&#8211; Advertisement &#8211; Pedro Gon\u00e7alves sofreu uma les\u00e3o muscular diante do Santa Clara. Primeira estimativa aponta para quatro&hellip;\n","protected":false},"author":2,"featured_media":146936,"comment_status":"","ping_status":"","sticky":false,"template":"","format":"standard","meta":{"footnotes":""},"categories":[8],"tags":[260,27,28,478,15,16,14,25,26,21,22,12,13,19,20,3652,32,479,23,24,33,423,34,17,18,29,30,31],"class_list":{"0":"post-146935","1":"post","2":"type-post","3":"status-publish","4":"format-standard","5":"has-post-thumbnail","7":"category-principais-noticias","8":"tag-atualidade","9":"tag-breaking-news","10":"tag-breakingnews","11":"tag-destaques-bnr","12":"tag-featured-news","13":"tag-featurednews","14":"tag-headlines","15":"tag-latest-news","16":"tag-latestnews","17":"tag-main-news","18":"tag-mainnews","19":"tag-news","20":"tag-noticias","21":"tag-noticias-principais","22":"tag-noticiasprincipais","23":"tag-pedro-goncalves","24":"tag-portugal","25":"tag-primeira-liga","26":"tag-principais-noticias","27":"tag-principaisnoticias","28":"tag-pt","29":"tag-santa-clara","30":"tag-sporting","31":"tag-top-stories","32":"tag-topstories","33":"tag-ultimas","34":"tag-ultimas-noticias","35":"tag-ultimasnoticias"},"share_on_mastodon":{"url":"https:\/\/pubeurope.com\/@pt\/115526872815305123","error":""},"_links":{"self":[{"href":"https:\/\/www.europesays.com\/pt\/wp-json\/wp\/v2\/posts\/146935","targetHints":{"allow":["GET"]}}],"collection":[{"href":"https:\/\/www.europesays.com\/pt\/wp-json\/wp\/v2\/posts"}],"about":[{"href":"https:\/\/www.europesays.com\/pt\/wp-json\/wp\/v2\/types\/post"}],"author":[{"embeddable":true,"href":"https:\/\/www.europesays.com\/pt\/wp-json\/wp\/v2\/users\/2"}],"replies":[{"embeddable":true,"href":"https:\/\/www.europesays.com\/pt\/wp-json\/wp\/v2\/comments?post=146935"}],"version-history":[{"count":0,"href":"https:\/\/www.europesays.com\/pt\/wp-json\/wp\/v2\/posts\/146935\/revisions"}],"wp:featuredmedia":[{"embeddable":true,"href":"https:\/\/www.europesays.com\/pt\/wp-json\/wp\/v2\/media\/146936"}],"wp:attachment":[{"href":"https:\/\/www.europesays.com\/pt\/wp-json\/wp\/v2\/media?parent=146935"}],"wp:term":[{"taxonomy":"category","embeddable":true,"href":"https:\/\/www.europesays.com\/pt\/wp-json\/wp\/v2\/categories?post=146935"},{"taxonomy":"post_tag","embeddable":true,"href":"https:\/\/www.europesays.com\/pt\/wp-json\/wp\/v2\/tags?post=146935"}],"curies":[{"name":"wp","href":"https:\/\/api.w.org\/{rel}","templated":true}]}}