{"id":146939,"date":"2025-11-10T18:48:17","date_gmt":"2025-11-10T18:48:17","guid":{"rendered":"https:\/\/www.europesays.com\/pt\/146939\/"},"modified":"2025-11-10T18:48:17","modified_gmt":"2025-11-10T18:48:17","slug":"pennywise-toca-o-terror-na-previa-do-4o-episodio-de-it-bem-vindos-a-derry-confira","status":"publish","type":"post","link":"https:\/\/www.europesays.com\/pt\/146939\/","title":{"rendered":"Pennywise toca o TERROR na pr\u00e9via do 4\u00ba epis\u00f3dio de &#8216;IT: Bem-Vindos a Derry&#8217;; Confira!"},"content":{"rendered":"<p>A <strong>HBO Max<\/strong> divulgou o trailer do quarto epis\u00f3dio de \u2018<strong>IT: Bem-Vindos a Derry<\/strong>\u2018, s\u00e9rie derivada do terror \u2018<strong>It: A Coisa<\/strong>\u2018.<\/p>\n<p>Intitulado 29 Neibolt Street, o pr\u00f3ximo cap\u00edtulo ir\u00e1 ao ar no <strong>dia 16 de novembro<\/strong>.<\/p>\n<p>Confira e siga o <a href=\"https:\/\/www.youtube.com\/cinepop?sub_confirmation=1\" target=\"_blank\" rel=\"noopener nofollow\"><strong>CinePOP no Youtube<\/strong><\/a>:<\/p>\n<p><a style=\"font-family: Verdana, BlinkMacSystemFont, -apple-system, &#039;Segoe UI&#039;, Roboto, Oxygen, Ubuntu, Cantarell, &#039;Open Sans&#039;, &#039;Helvetica Neue&#039;, sans-serif;\" href=\"https:\/\/cinepop.com.br\/pennywise-nao-ira-aparecer-nos-primeiros-episodios-de-it-bem-vindos-a-derry-698870\/\" rel=\"nofollow noopener\" target=\"_blank\">Pennywise N\u00c3O ir\u00e1 aparecer nos primeiros epis\u00f3dios de \u2018IT: Bem-Vindos \u00e0 Derry\u2019<\/a><\/p>\n<p>Durante as f\u00e9rias de 1958, em uma pacata cidadezinha chamada Derry, um grupo de sete amigos come\u00e7a a ver coisas bizarras. Um conta que viu um palha\u00e7o, outro que viu uma m\u00famia. Finalmente, acabam descobrindo que estavam todos vendo a mesma coisa: um ser sobrenatural e maligno que pode assumir v\u00e1rias formas. Ele mesmo. O Pennywise.<\/p>\n<p><strong>Bill Skarsg\u00e5rd <\/strong>retorna como o ic\u00f4nico Pennywise.<\/p>\n<p>O elenco ainda conta com <strong>Alixandra Fuchs<\/strong> (\u2018Hatfields &amp; McCoys\u2019), <strong>Kimberly Guerrero<\/strong> (\u2018A Inglesa\u2019), <strong>Dorian Grey<\/strong> (\u2018Star Trek: Discovery\u2019), T<strong>homas Mitchell<\/strong> (\u2018Spiral\u2019), <strong>BJ Harrison<\/strong> (\u2018Family Law\u2019), <strong>Peter Outerbridge<\/strong> (\u2018Jogos Mortais VI\u2019),<strong> Shane Marriott<\/strong> (\u2018Fargo\u2019), <strong>Chad Rook<\/strong> (\u2018Joe Pickett\u2019), <strong>Joshua Odjick<\/strong> (\u2018Wildhood\u2019) e<strong> Morningstar Angeline<\/strong> (\u2018Westworld\u2019). Os f\u00e3s da obra de <strong style=\"font-family: Verdana, BlinkMacSystemFont, -apple-system, 'Segoe UI', Roboto, Oxygen, Ubuntu, Cantarell, 'Open Sans', 'Helvetica Neue', sans-serif;\">Stephen King<\/strong> ter\u00e3o que esperar um pouco mais para mergulhar de volta em Derry.<\/p>\n<p>\u2018<strong>Bem-Vindos a Derry<\/strong>\u2018 tem como produtor executivo <strong>Andy Muschietti<\/strong>, o diretor dos dois filmes de 2017 e 2019, ao lado de sua irm\u00e3<strong> Barbara Muschietti<\/strong>.<\/p>\n<p><img loading=\"lazy\" decoding=\"async\" class=\"alignnone wp-image-694560\" src=\"https:\/\/www.europesays.com\/pt\/wp-content\/uploads\/2025\/11\/it-poster-2.jpeg\" alt=\"\" width=\"983\" height=\"1230\"  \/><\/p>\n","protected":false},"excerpt":{"rendered":"A HBO Max divulgou o trailer do quarto epis\u00f3dio de \u2018IT: Bem-Vindos a Derry\u2018, s\u00e9rie derivada do terror&hellip;\n","protected":false},"author":2,"featured_media":146940,"comment_status":"","ping_status":"","sticky":false,"template":"","format":"standard","meta":{"footnotes":""},"categories":[140],"tags":[17379,29767,29768,29769,29770,16250,29771,29772,29773,29774,29775,114,115,147,148,29776,29777,1583,29778,29779,29780,29781,29782,29783,15631,29784,29785,29786,29787,14209,16101,29788,29789,29790,20068,29791,146,29792,32,33,29793,29794,29795,29796,29797,29798,29799],"class_list":{"0":"post-146939","1":"post","2":"type-post","3":"status-publish","4":"format-standard","5":"has-post-thumbnail","7":"category-filmes","8":"tag-a-freira","9":"tag-alixandra-fuchs","10":"tag-andy-bean","11":"tag-andy-muschietti","12":"tag-bill-hader","13":"tag-bill-skarsgard","14":"tag-bj-harrison","15":"tag-chad-rook","16":"tag-chosen-jacobs","17":"tag-chris-chalk","18":"tag-dorian-grey","19":"tag-entertainment","20":"tag-entretenimento","21":"tag-film","22":"tag-filmes","23":"tag-finn-wolfhard","24":"tag-gary-dauberman","25":"tag-hbo-max","26":"tag-isaiah-mustafa","27":"tag-it-a-coisa-capitulo-2","28":"tag-it-bem-vindos-a-derry","29":"tag-it-chapter-two","30":"tag-jack-dylan-grazer","31":"tag-jaeden-lieberher","32":"tag-james-mcavoy","33":"tag-james-ransone","34":"tag-james-remar","35":"tag-jay-ryan","36":"tag-jeremy-ray-taylor","37":"tag-jessica-chastain","38":"tag-joshua-odjick","39":"tag-jovan-adepo","40":"tag-kimberly-guerrero","41":"tag-madeleine-stowe","42":"tag-mama","43":"tag-morningstar-angeline","44":"tag-movies","45":"tag-peter-outerbridge","46":"tag-portugal","47":"tag-pt","48":"tag-shane-marriott","49":"tag-sophia-lillis","50":"tag-stephen-rider","51":"tag-taylour-paige","52":"tag-thomas-mitchell","53":"tag-welcome-to-derry","54":"tag-wyatt-oleff"},"share_on_mastodon":{"url":"","error":"Validation failed: Text character limit of 500 exceeded"},"_links":{"self":[{"href":"https:\/\/www.europesays.com\/pt\/wp-json\/wp\/v2\/posts\/146939","targetHints":{"allow":["GET"]}}],"collection":[{"href":"https:\/\/www.europesays.com\/pt\/wp-json\/wp\/v2\/posts"}],"about":[{"href":"https:\/\/www.europesays.com\/pt\/wp-json\/wp\/v2\/types\/post"}],"author":[{"embeddable":true,"href":"https:\/\/www.europesays.com\/pt\/wp-json\/wp\/v2\/users\/2"}],"replies":[{"embeddable":true,"href":"https:\/\/www.europesays.com\/pt\/wp-json\/wp\/v2\/comments?post=146939"}],"version-history":[{"count":0,"href":"https:\/\/www.europesays.com\/pt\/wp-json\/wp\/v2\/posts\/146939\/revisions"}],"wp:featuredmedia":[{"embeddable":true,"href":"https:\/\/www.europesays.com\/pt\/wp-json\/wp\/v2\/media\/146940"}],"wp:attachment":[{"href":"https:\/\/www.europesays.com\/pt\/wp-json\/wp\/v2\/media?parent=146939"}],"wp:term":[{"taxonomy":"category","embeddable":true,"href":"https:\/\/www.europesays.com\/pt\/wp-json\/wp\/v2\/categories?post=146939"},{"taxonomy":"post_tag","embeddable":true,"href":"https:\/\/www.europesays.com\/pt\/wp-json\/wp\/v2\/tags?post=146939"}],"curies":[{"name":"wp","href":"https:\/\/api.w.org\/{rel}","templated":true}]}}