{"id":146957,"date":"2025-11-10T18:57:19","date_gmt":"2025-11-10T18:57:19","guid":{"rendered":"https:\/\/www.europesays.com\/pt\/146957\/"},"modified":"2025-11-10T18:57:19","modified_gmt":"2025-11-10T18:57:19","slug":"arnold-schwarzenegger-diz-qual-filme-queria-que-tivesse-remake","status":"publish","type":"post","link":"https:\/\/www.europesays.com\/pt\/146957\/","title":{"rendered":"Arnold Schwarzenegger diz qual filme queria que tivesse remake"},"content":{"rendered":"<p><a href=\"https:\/\/natelinha.uol.com.br\/famosos\/tudo-sobre\/arnold-schwarzenegger\" rel=\"nofollow noopener\" target=\"_blank\">Arnold Schwarzenegger<\/a> sempre quis que O Sobrevivente (1987) tivesse tido um remake. Curiosamente, foi esse mesmo que ganhou. O longa-metragem estreou na \u00faltima semana e \u00e9 protagonizado por Glen Powell.<\/p>\n<p>&#8220;O \u00fanico filme meu que eu sempre quis que ganhasse um remake era&#8221;, disse em evento. &#8220;Ent\u00e3o agora, este realmente elevou o n\u00edvel, conseguiu exatamente isso. A a\u00e7\u00e3o ficou inacredit\u00e1vel e criativa.&#8221;<\/p>\n<p>Ambos s\u00e3o inspirados no livro O Concorrente, livro de Stephen King lan\u00e7ado em 1982. O filme foi lan\u00e7ado em 1987 com dire\u00e7\u00e3o de Paul Michael Glaser.<\/p>\n<p>continua depois da publicidade<\/p>\n<p>A produ\u00e7\u00e3o mostra um homem participando de um reality show e podem ir a qualquer lugar do mundo, precisando apenas sobreviver \u00e0s suas ca\u00e7adas em troca de uma fortuna.<\/p>\n<p>Veja ambos os trailers:<\/p>\n<p>                                <img decoding=\"async\" loading=\"lazy\" class=\"horizontal\" alt=\"Imagem da thumbnail do v\u00eddeo!\" src=\"https:\/\/www.europesays.com\/pt\/wp-content\/uploads\/2025\/11\/1762801038_953_hqdefault.jpg\"\/><\/p>\n<p>                                <img decoding=\"async\" loading=\"lazy\" class=\"horizontal\" alt=\"Imagem da thumbnail do v\u00eddeo!\" src=\"https:\/\/www.europesays.com\/pt\/wp-content\/uploads\/2025\/11\/1762801039_221_hqdefault.jpg\"\/><\/p>\n<p>Quando Arnold Schwarzenegger vai se aposentar?<\/p>\n<p>Arnold Schwarzenegger n\u00e3o pretende se aposentar. O astro de filmes de a\u00e7\u00e3o contou que seguir\u00e1 na ativa. &#8220;Eu nunca vou me aposentar porque n\u00e3o saberia o que fazer depois&#8221;, declarou recentemente.<\/p>\n<p>Para ele, a atua\u00e7\u00e3o \u00e9 um hobby. &#8220;Quando estiver a sete palmos do ch\u00e3o, a\u00ed eu posso me aposentar&#8221;, acrescentou ele. O ator tem no curr\u00edculo produ\u00e7\u00f5es como Guerreiros do Fogo (1985), Comando para Matar (1985), Predador (1987), Um Her\u00f3i de Brinquedo (1996), dentre v\u00e1rios outros.<\/p>\n<p>continua depois da publicidade<\/p>\n<p>No fisiculturismo, tamb\u00e9m come\u00e7ou sua carreira cedo, mais precisamente aos 15 anos de idade. Aos 20 anos foi premiado com o t\u00edtulo de Mr. Universe e, ao longo de sua carreira, venceu o concurso Mr. Olympia um total de sete vezes. Permaneceu como uma personalidade proeminente no fisiculturismo, mesmo ap\u00f3s sua aposentadoria. Ele escreveu livros e artigos sobre o esporte, incluindo o autobiogr\u00e1fico Arnold: The Education of a Bodybuilder (1977) e The New Encyclopedia of Modern Bodybuilding (1998).<\/p>\n","protected":false},"excerpt":{"rendered":"Arnold Schwarzenegger sempre quis que O Sobrevivente (1987) tivesse tido um remake. Curiosamente, foi esse mesmo que ganhou.&hellip;\n","protected":false},"author":2,"featured_media":146958,"comment_status":"","ping_status":"","sticky":false,"template":"","format":"standard","meta":{"footnotes":""},"categories":[145],"tags":[1439,211,210,114,115,32,33],"class_list":{"0":"post-146957","1":"post","2":"type-post","3":"status-publish","4":"format-standard","5":"has-post-thumbnail","7":"category-celebridades","8":"tag-arnold-schwarzenegger","9":"tag-celebridades","10":"tag-celebrities","11":"tag-entertainment","12":"tag-entretenimento","13":"tag-portugal","14":"tag-pt"},"share_on_mastodon":{"url":"https:\/\/pubeurope.com\/@pt\/115526935753838340","error":""},"_links":{"self":[{"href":"https:\/\/www.europesays.com\/pt\/wp-json\/wp\/v2\/posts\/146957","targetHints":{"allow":["GET"]}}],"collection":[{"href":"https:\/\/www.europesays.com\/pt\/wp-json\/wp\/v2\/posts"}],"about":[{"href":"https:\/\/www.europesays.com\/pt\/wp-json\/wp\/v2\/types\/post"}],"author":[{"embeddable":true,"href":"https:\/\/www.europesays.com\/pt\/wp-json\/wp\/v2\/users\/2"}],"replies":[{"embeddable":true,"href":"https:\/\/www.europesays.com\/pt\/wp-json\/wp\/v2\/comments?post=146957"}],"version-history":[{"count":0,"href":"https:\/\/www.europesays.com\/pt\/wp-json\/wp\/v2\/posts\/146957\/revisions"}],"wp:featuredmedia":[{"embeddable":true,"href":"https:\/\/www.europesays.com\/pt\/wp-json\/wp\/v2\/media\/146958"}],"wp:attachment":[{"href":"https:\/\/www.europesays.com\/pt\/wp-json\/wp\/v2\/media?parent=146957"}],"wp:term":[{"taxonomy":"category","embeddable":true,"href":"https:\/\/www.europesays.com\/pt\/wp-json\/wp\/v2\/categories?post=146957"},{"taxonomy":"post_tag","embeddable":true,"href":"https:\/\/www.europesays.com\/pt\/wp-json\/wp\/v2\/tags?post=146957"}],"curies":[{"name":"wp","href":"https:\/\/api.w.org\/{rel}","templated":true}]}}