{"id":146966,"date":"2025-11-10T19:04:12","date_gmt":"2025-11-10T19:04:12","guid":{"rendered":"https:\/\/www.europesays.com\/pt\/146966\/"},"modified":"2025-11-10T19:04:12","modified_gmt":"2025-11-10T19:04:12","slug":"cigarro-e-alcool-sao-os-principais-fatores-de-risco-para-o-cancer-de-boca-2","status":"publish","type":"post","link":"https:\/\/www.europesays.com\/pt\/146966\/","title":{"rendered":"Cigarro e \u00e1lcool s\u00e3o os principais fatores de risco para o c\u00e2ncer de boca"},"content":{"rendered":"<p>&#13;<br \/>\n        &#13;<br \/>\n            &#13;<br \/>\n&#13;<br \/>\n            &#13;<br \/>\n&#13;<br \/>\n            &#13;<br \/>\n                <a href=\"\">10 de novembro de 2025 &#8211; 15:43<\/a>&#13;<br \/>\n                                      #<a href=\"https:\/\/www.ceara.gov.br\/tag\/alcool\/\" rel=\"tag nofollow noopener\" target=\"_blank\">\u00c1lcool<\/a> #<a href=\"https:\/\/www.ceara.gov.br\/tag\/cancer-de-boca\/\" rel=\"tag nofollow noopener\" target=\"_blank\">C\u00e2ncer de Boca<\/a> #<a href=\"https:\/\/www.ceara.gov.br\/tag\/cigarro\/\" rel=\"tag nofollow noopener\" target=\"_blank\">cigarro<\/a> #<a href=\"https:\/\/www.ceara.gov.br\/tag\/fatores-de-risco\/\" rel=\"tag nofollow noopener\" target=\"_blank\">fatores de risco<\/a> &#13;<br \/>\n                            &#13;<br \/>\n&#13;<\/p>\n<p> Joelton Barboza &#8211; Ascom HRVJ  &#8211; Texto <br \/>&#13;<br \/>\n Joelton Barboza e Banco de imagens  &#8211; Fotos<\/p>\n<p>                &#13;<br \/>\n            &#13;<\/p>\n<p><img fetchpriority=\"high\" decoding=\"async\" class=\"size-full wp-image-301486 aligncenter\" src=\"https:\/\/www.europesays.com\/pt\/wp-content\/uploads\/2025\/11\/Agricultor-descobriu-a-doenca-em-2024-1200x900-1.jpeg\" alt=\"\" width=\"1200\" height=\"900\"  \/><\/p>\n<p style=\"text-align: center\">Jos\u00e9 Rodrigues descobriu a doen\u00e7a em 2024 e est\u00e1 em tratamento no HRVJ<\/p>\n<p>O c\u00e2ncer bucal \u00e9 um tipo de tumor maligno que pode se desenvolver nos l\u00e1bios e estruturas da boca, como gengivas, bochechas, c\u00e9u da boca, l\u00edngua (principalmente as bordas) e soalho bucal (regi\u00e3o embaixo da l\u00edngua). Segundo o Instituto Nacional do C\u00e2ncer (Inca), esse \u00e9 o quinto tumor mais frequente em homens no Brasil, prevalecendo naqueles com mais de 50 anos. A maioria dos casos \u00e9 diagnosticada em est\u00e1gios avan\u00e7ados, da\u00ed a import\u00e2ncia de buscar um diagn\u00f3stico precoce.<\/p>\n<p>De janeiro a outubro de 2025, o Hospital Regional Vale do Jaguaribe (HRVJ), unidade da Secretaria da Sa\u00fade do Cear\u00e1 (Sesa), em Limoeiro do Norte, atendeu 14 pacientes com c\u00e2ncer de boca. Jos\u00e9 Rodrigues da Silva, de 58 anos, \u00e9 um deles. O agricultor descobriu a doen\u00e7a em 2024 e, atualmente, realiza o tratamento na unidade, com sess\u00f5es de quimioterapia.<\/p>\n<p>\u201cTudo come\u00e7ou com o surgimento de um ferimento na l\u00edngua. Com isso, resolvi procurar ajuda profissional e investigar a situa\u00e7\u00e3o\u201d, explica o agricultor. Natural do munic\u00edpio de Jaguaribe, Rodrigues \u00e9 ex-fumante.<\/p>\n<p>O tabaco e o \u00e1lcool s\u00e3o os principais fatores de risco, mas outros fatores aumentam o risco de desenvolver a doen\u00e7a, como manter uma dieta pobre em frutas e vegetais, ter infec\u00e7\u00e3o pelo v\u00edrus HPV e a expor os l\u00e1bios ao sol sem prote\u00e7\u00e3o. O m\u00e9dico-cirurgi\u00e3o de cabe\u00e7a e pesco\u00e7o, Jorge Moura, explica que, para evitar o desenvolvimento desse tipo de c\u00e2ncer, \u00e9 importante evitar fumar e consumir \u00e1lcool, manter uma boa higiene bucal e realizar visitas peri\u00f3dicas ao dentista.<\/p>\n<p>Leia tamb\u00e9m:<a href=\"https:\/\/www.saude.ce.gov.br\/2025\/09\/26\/atendimento-odontologico-alta-complexidade-para-todo-o-ceara\/\" target=\"_blank\" rel=\"noopener nofollow\"> Rede de CEOs leva atendimento odontol\u00f3gico de alta complexidade para todas as regi\u00f5es do Cear\u00e1<\/a><\/p>\n<p><img loading=\"lazy\" decoding=\"async\" class=\" wp-image-301487 aligncenter\" src=\"https:\/\/www.europesays.com\/pt\/wp-content\/uploads\/2025\/11\/saude-bucal.png\" alt=\"\" width=\"1188\" height=\"743\"  \/><\/p>\n<p style=\"text-align: center\">Observar a boca e ir ao dentista de forma frequente s\u00e3o estrat\u00e9gias fundamentais para a detec\u00e7\u00e3o precoce do c\u00e2ncer de boca<\/p>\n<p>\u201cA detec\u00e7\u00e3o precoce pode ser feita por meio do autoexame da cavidade oral, na busca por feridas, manchas ou altera\u00e7\u00f5es que n\u00e3o cicatrizam\u201d, destaca. Outros sintomas que merecem aten\u00e7\u00e3o s\u00e3o manchas vermelhas ou brancas em qualquer local da regi\u00e3o bucal, irrita\u00e7\u00e3o ou ard\u00eancia na cavidade bucal e a identifica\u00e7\u00e3o de tumores.<\/p>\n<p>O tratamento do c\u00e2ncer de boca, segundo o profissional, pode envolver cirurgia para remo\u00e7\u00e3o do tumor, radioterapia, quimioterapia ou terapias-alvo, que utilizam medicamentos espec\u00edficos para atacar c\u00e9lulas cancer\u00edgenas. \u201cQuanto mais cedo for diagnosticado, maior a chance de sucesso no tratamento\u201d, conclui.<\/p>\n<p>&#13;<br \/>\n            &#13;<br \/>\n&#13;<br \/>\n&#13;<\/p>\n","protected":false},"excerpt":{"rendered":"&#13; &#13; &#13; &#13; &#13; &#13; &#13; 10 de novembro de 2025 &#8211; 15:43&#13; #\u00c1lcool #C\u00e2ncer de Boca&hellip;\n","protected":false},"author":2,"featured_media":146967,"comment_status":"","ping_status":"","sticky":false,"template":"","format":"standard","meta":{"footnotes":""},"categories":[86],"tags":[1222,1218,1221,1220,1217,1224,1223,1225,1219,116,32,33,117],"class_list":{"0":"post-146966","1":"post","2":"type-post","3":"status-publish","4":"format-standard","5":"has-post-thumbnail","7":"category-saude","8":"tag-aplicativo-ceara","9":"tag-aplicativos","10":"tag-atendimento-online","11":"tag-cagece","12":"tag-ceara-app","13":"tag-corona","14":"tag-corona-virus","15":"tag-covid19","16":"tag-detran","17":"tag-health","18":"tag-portugal","19":"tag-pt","20":"tag-saude"},"share_on_mastodon":{"url":"https:\/\/pubeurope.com\/@pt\/115526963262819936","error":""},"_links":{"self":[{"href":"https:\/\/www.europesays.com\/pt\/wp-json\/wp\/v2\/posts\/146966","targetHints":{"allow":["GET"]}}],"collection":[{"href":"https:\/\/www.europesays.com\/pt\/wp-json\/wp\/v2\/posts"}],"about":[{"href":"https:\/\/www.europesays.com\/pt\/wp-json\/wp\/v2\/types\/post"}],"author":[{"embeddable":true,"href":"https:\/\/www.europesays.com\/pt\/wp-json\/wp\/v2\/users\/2"}],"replies":[{"embeddable":true,"href":"https:\/\/www.europesays.com\/pt\/wp-json\/wp\/v2\/comments?post=146966"}],"version-history":[{"count":0,"href":"https:\/\/www.europesays.com\/pt\/wp-json\/wp\/v2\/posts\/146966\/revisions"}],"wp:featuredmedia":[{"embeddable":true,"href":"https:\/\/www.europesays.com\/pt\/wp-json\/wp\/v2\/media\/146967"}],"wp:attachment":[{"href":"https:\/\/www.europesays.com\/pt\/wp-json\/wp\/v2\/media?parent=146966"}],"wp:term":[{"taxonomy":"category","embeddable":true,"href":"https:\/\/www.europesays.com\/pt\/wp-json\/wp\/v2\/categories?post=146966"},{"taxonomy":"post_tag","embeddable":true,"href":"https:\/\/www.europesays.com\/pt\/wp-json\/wp\/v2\/tags?post=146966"}],"curies":[{"name":"wp","href":"https:\/\/api.w.org\/{rel}","templated":true}]}}