{"id":146976,"date":"2025-11-10T19:09:27","date_gmt":"2025-11-10T19:09:27","guid":{"rendered":"https:\/\/www.europesays.com\/pt\/146976\/"},"modified":"2025-11-10T19:09:27","modified_gmt":"2025-11-10T19:09:27","slug":"noticia-falsa-gouveia-e-melo-acusa-lusa-de-desinformacao-agencia-repudia-acusacao","status":"publish","type":"post","link":"https:\/\/www.europesays.com\/pt\/146976\/","title":{"rendered":"&#8220;Not\u00edcia falsa&#8221;. Gouveia e Melo acusa Lusa de desinforma\u00e7\u00e3o, Ag\u00eancia repudia acusa\u00e7\u00e3o"},"content":{"rendered":"<p>A ag\u00eancia Lusa foi confrontada esta segunda-feira com uma nota \u00e0 comunica\u00e7\u00e3o social da candidatura a presidente de Henrique Gouveia e Melo, que denuncia de &#8220;falsa&#8221; a not\u00edcia com o t\u00edtulo <a href=\"https:\/\/www.rtp.pt\/noticias\/politica\/gouveia-e-melo-revela-que-foi-tentativa-de-marcelo-para-o-travar-que-o-levou-a-candidatar-se_n1697028\" target=\"_blank\" rel=\"nofollow noopener\">&#8220;Presidenciais: Gouveia e Melo revela que foi tentativa de Marcelo para o travar que o levou a candidatar-se&#8221;<\/a>, divulgada no passado domingo sobre o momento em que decidiu avan\u00e7ar com a sua candidatura a Bel\u00e9m.&#8221;A not\u00edcia &#8220;\u00e9 falsa e enferma de uma falta de rigor inaceit\u00e1vel, raz\u00e3o pela qual se exige a reposi\u00e7\u00e3o da verdade dos factos&#8221;, sustenta a nota.<\/p>\n<p>&#13;<br \/>\n<b>&#8220;O almirante Henrique Gouveia e Melo n\u00e3o se refere, em momento algum, durante a entrevista&#8221; para o livro &#8220;As Raz\u00f5es&#8221; como &#8220;tendo sido o presidente da Rep\u00fablica Marcelo Rebelo de Sousa, ou qualquer declara\u00e7\u00e3o sua, a motiva\u00e7\u00e3o para se candidatar \u00e0 Presid\u00eancia da Rep\u00fablica, <\/b>conforme pode ser facilmente comprovado nas p\u00e1ginas 123, 124 e 125 do referido livro&#8221;, refere. <br \/>&#13;<br \/>\n&#13;\n<\/p>\n<p>&#13;<br \/>\nAg\u00eancia Lusa &#8220;rejeita e repudia&#8221;&#13;\n<\/p>\n<p>&#13;<br \/>\nEm resposta \u00e0s acusa\u00e7\u00f5es de manipula\u00e7\u00e3o e desinforma\u00e7\u00e3o, a Dire\u00e7\u00e3o de Informa\u00e7\u00e3o da ag\u00eancia Lusa rejeitou e repudiou as<b> &#8220;acusa\u00e7\u00f5es de que a not\u00edcia em causa\u00a0<\/b>A candidatura de Gouveia e Melo solicitou a &#13;<br \/>\npublica\u00e7\u00e3o de um esclarecimento da Lusa, observando de que &#8220;na pol\u00edtica e&#13;<br \/>\nno jornalismo n\u00e3o pode valer tudo&#8221;.<b>seja falsa e, muito menos, que a ag\u00eancia contribua para a desinforma\u00e7\u00e3o e tenha manipulado declara\u00e7\u00f5es de Henrique Gouveia e Melo<\/b>, como refere a candidatura&#8221;.\u00a0&#13;\n<\/p>\n<p>&#13;<br \/>\nNum comunicado intitulado <b>&#8220;A Lusa mant\u00e9m a sua not\u00edcia:<\/b> &#8220;Gouveia e Melo revela que foi tentativa de Marcelo para o trabar que o levou a candidatar-se&#8221;, a Dire\u00e7\u00e3o de Informa\u00e7\u00e3o conclui que &#8220;como bem diz na sua nota a candidatura de Gouveia e Melo,\u00a0<b>&#8220;na pol\u00edtica n\u00e3o pode valer tudo&#8221;.\u00a0<\/b>&#13;\n<\/p>\n<p>&#13;<br \/>\nO pol\u00e9mico artigo em causa\u00a0&#13;\n<\/p>\n<p>A ag\u00eancia Lusa noticiou no domingo que Gouveia e Melo revelou ter decidido avan\u00e7ar para a corrida \u00e0 Presid\u00eancia ao ler, no jornal Expresso, que Marcelo Rebelo de Sousa tencionava travar a candidatura do almirante por via da recondu\u00e7\u00e3o como chefe do Estado-Maior da Armada. Em quest\u00e3o, o artigo <a href=\"https:\/\/expresso.pt\/politica\/2024-10-03-almirante-quer-mais-dois-submarinos-para-ficar-na-armada-e-desistir-de-belem-a69160ff\" target=\"_blank\" rel=\"nofollow noopener\">Almirante quer mais dois submarinos para ficar na Armada e desistir de Bel\u00e9m.<\/a>&#8220;Gouveia e Melo diz expressamente foi um <a href=\"https:\/\/expresso.pt\/politica\/2024-10-03-almirante-quer-mais-dois-submarinos-para-ficar-na-armada-e-desistir-de-belem-a69160ff\" target=\"_blank\" rel=\"nofollow noopener\">artigo<\/a> publicado no Expresso, a 3 de outubro de 2024, que o levou a &#8220;definir o rumo&#8221;, ou seja, avan\u00e7ar a candidatura&#8221;, segundo a nota da Lusa.<br \/>&#13;<br \/>\n<br \/><b>&#8220;Foi esse <a href=\"https:\/\/expresso.pt\/politica\/2024-10-03-almirante-quer-mais-dois-submarinos-para-ficar-na-armada-e-desistir-de-belem-a69160ff\" target=\"_blank\" rel=\"nofollow noopener\">artigo <\/a>que me fez definir o rumo. Porque quando o li, fiquei mesmo danado&#8221;<\/b>, citou a Lusa, a partir do livro &#8220;Gouveia e Melo &#8211; As Raz\u00f5es&#8221;, resultante de uma entrevista conduzida pela jornalista Valentina Marcelino, diretora adjunta do Di\u00e1rio de Not\u00edcias.<\/p>\n<p>&#13;<br \/>\nA obra chega \u00e0 livrarias na pr\u00f3xima quinta-feira, antes de ser apresentado a 24 de novembro.\u00a0&#13;\n<\/p>\n<p>&#13;<br \/>\nGouveia e Melo quer fazer a diferen\u00e7a&#13;\n<\/p>\n<p>&#13;<br \/>\nSegundo a candidatura de Gouveia e Melo, a decis\u00e3o de concorrer a Bel\u00e9m foi &#8220;ter percebido que <b>o presidente da Rep\u00fablica e o Governo n\u00e3o estavam\u00a0verdadeiramente interessados em nada da defesa e, portanto, n\u00e3o teria oportunidade de fazer a diferen\u00e7a<\/b> enquanto CEMA&#8221;,\u00a0chefe do Estado-Maior da Armada.\u00a0&#13;\n<\/p>\n<p>\n<b>&#8220;A candidatura \u00e0 Presid\u00eancia da Rep\u00fablica foi motivada, sobretudo, pela vontade de continuar a servir Portugal de forma ativa e a contribuir para os destinos do Pa\u00eds, perante um cen\u00e1rio de instabilidade pol\u00edtica a n\u00edvel nacional e de incerteza internacional<\/b>&#8220;.<\/p>\n","protected":false},"excerpt":{"rendered":"A ag\u00eancia Lusa foi confrontada esta segunda-feira com uma nota \u00e0 comunica\u00e7\u00e3o social da candidatura a presidente de&hellip;\n","protected":false},"author":2,"featured_media":146977,"comment_status":"","ping_status":"","sticky":false,"template":"","format":"standard","meta":{"footnotes":""},"categories":[10],"tags":[32118,4508,27,28,15,16,9498,14,25,26,21,22,12,13,19,20,32,5215,23,24,33,17,18,29,30,31],"class_list":{"0":"post-146976","1":"post","2":"type-post","3":"status-publish","4":"format-standard","5":"has-post-thumbnail","7":"category-portugal","8":"tag-agencia-lusa","9":"tag-belem","10":"tag-breaking-news","11":"tag-breakingnews","12":"tag-featured-news","13":"tag-featurednews","14":"tag-gouveia-e-melo","15":"tag-headlines","16":"tag-latest-news","17":"tag-latestnews","18":"tag-main-news","19":"tag-mainnews","20":"tag-news","21":"tag-noticias","22":"tag-noticias-principais","23":"tag-noticiasprincipais","24":"tag-portugal","25":"tag-presidenciais","26":"tag-principais-noticias","27":"tag-principaisnoticias","28":"tag-pt","29":"tag-top-stories","30":"tag-topstories","31":"tag-ultimas","32":"tag-ultimas-noticias","33":"tag-ultimasnoticias"},"share_on_mastodon":{"url":"https:\/\/pubeurope.com\/@pt\/115526982916341944","error":""},"_links":{"self":[{"href":"https:\/\/www.europesays.com\/pt\/wp-json\/wp\/v2\/posts\/146976","targetHints":{"allow":["GET"]}}],"collection":[{"href":"https:\/\/www.europesays.com\/pt\/wp-json\/wp\/v2\/posts"}],"about":[{"href":"https:\/\/www.europesays.com\/pt\/wp-json\/wp\/v2\/types\/post"}],"author":[{"embeddable":true,"href":"https:\/\/www.europesays.com\/pt\/wp-json\/wp\/v2\/users\/2"}],"replies":[{"embeddable":true,"href":"https:\/\/www.europesays.com\/pt\/wp-json\/wp\/v2\/comments?post=146976"}],"version-history":[{"count":0,"href":"https:\/\/www.europesays.com\/pt\/wp-json\/wp\/v2\/posts\/146976\/revisions"}],"wp:featuredmedia":[{"embeddable":true,"href":"https:\/\/www.europesays.com\/pt\/wp-json\/wp\/v2\/media\/146977"}],"wp:attachment":[{"href":"https:\/\/www.europesays.com\/pt\/wp-json\/wp\/v2\/media?parent=146976"}],"wp:term":[{"taxonomy":"category","embeddable":true,"href":"https:\/\/www.europesays.com\/pt\/wp-json\/wp\/v2\/categories?post=146976"},{"taxonomy":"post_tag","embeddable":true,"href":"https:\/\/www.europesays.com\/pt\/wp-json\/wp\/v2\/tags?post=146976"}],"curies":[{"name":"wp","href":"https:\/\/api.w.org\/{rel}","templated":true}]}}