{"id":146978,"date":"2025-11-10T19:11:20","date_gmt":"2025-11-10T19:11:20","guid":{"rendered":"https:\/\/www.europesays.com\/pt\/146978\/"},"modified":"2025-11-10T19:11:20","modified_gmt":"2025-11-10T19:11:20","slug":"filha-de-maira-cardi-passa-dos-limites-da-fofura-em-nova-aparicao","status":"publish","type":"post","link":"https:\/\/www.europesays.com\/pt\/146978\/","title":{"rendered":"Filha de Ma\u00edra Cardi passa dos limites da fofura em nova apari\u00e7\u00e3o"},"content":{"rendered":"<p>A filha de <strong>Thiago Nigro<\/strong> e <strong><a href=\"https:\/\/caras.com.br\/tags\/maira-cardi\" rel=\"nofollow noopener\" target=\"_blank\">Ma\u00edra Cardi<\/a><\/strong>,<strong> Eloah<\/strong>, esbanjou fofura em uma nova apari\u00e7\u00e3o. Neste domingo, 09, a coach fitness compartilhou um v\u00eddeo da beb\u00ea dormindo e deixou os internautas babando ao mostrar o rostinho da pequena.<\/p>\n<p>Com os bracinhos para cima, a menina surgiu toda relaxada e confort\u00e1vel. Enquanto ela est\u00e1 com o soninho em dia, a mam\u00e3e de terceira viagem vem compartilhando a exaust\u00e3o que est\u00e1 tendo com a nova rotina amamentando e cuidando da garota.<\/p>\n<p>\u201cEnquanto isso na sala da justi\u00e7a\u201d, brincou a ex-BBB ao registrar o momento de sua ca\u00e7ula dormindo profundamente.<\/p>\n<p>Ainda no fim de semana, <a href=\"https:\/\/caras.com.br\/bebe\/thiago-nigro-encanta-ao-mostrar-o-rosto-de-sua-filha-e-de-maira-cardi.phtml\" rel=\"nofollow noopener\" target=\"_blank\">Thiago Nigro encantou ao mostrar um novo clique de Eloah<\/a>. Ele ainda <a href=\"https:\/\/caras.com.br\/bebe\/filha-de-maira-cardi-chama-a-atencao-com-seus-olhos-veja.phtml\" rel=\"nofollow noopener\" target=\"_blank\">chamou a aten\u00e7\u00e3o para os olhos de sua primeira herdeira<\/a> com a esposa.<\/p>\n<p>Apesar da garota ser sua primeira filha biol\u00f3gica com Ma\u00edra Cardi, o empres\u00e1rio milion\u00e1rio j\u00e1 falou v\u00e1rias vezes que j\u00e1 se considerava pai quando assumiu o compromisso de se casar com a famosa, que j\u00e1 tinha dois filhos, <strong>Lucas Cardi<\/strong> e <strong>Sophia Cardi<\/strong>, de relacionamentos anteriores.<\/p>\n<p> <img loading=\"lazy\" decoding=\"async\" class=\"size-full wp-image-1028927 img-fluid lazy\" alt=\"Ma\u00edra Cardi mostra a filha dormindo\" width=\"1080\" height=\"1920\" src=\"https:\/\/www.europesays.com\/pt\/wp-content\/uploads\/2025\/11\/maira-cardi-filha.jpg\"  \/>Ma\u00edra Cardi mostra a filha dormindo \u2013 Foto: @mairacardi <img loading=\"lazy\" decoding=\"async\" class=\"size-full wp-image-1028928 img-fluid lazy\" alt=\"Ma\u00edra Cardi mostra a filha dormindo - Foto: @mairacardi\" width=\"1080\" height=\"1792\" src=\"https:\/\/www.europesays.com\/pt\/wp-content\/uploads\/2025\/11\/maira-cardi-filha-1.jpg\"  \/>Ma\u00edra Cardi mostra a filha dormindo \u2013 Foto: @mairacardi Ma\u00edra Cardi choca com antes e depois de seu corpo <\/p>\n<p>Ap\u00f3s 10 dias da chegada e de sua filha e de <strong>Thiago Nigro<\/strong>, <strong>Eloah<\/strong>, ao mundo, a influenciadora e empres\u00e1ria <a href=\"https:\/\/caras.com.br\/tags\/maira-cardi\" rel=\"nofollow noopener\" target=\"_blank\"><strong>Ma\u00edra Cardi<\/strong><\/a> mostrou a mudan\u00e7a dr\u00e1stica de seu corpo com uma montagem na rede social. Nesta quarta-feira, 05, a famosa compartilhou fotos exibindo a transforma\u00e7\u00e3o de sua barriga e chocou com a transforma\u00e7\u00e3o.<\/p>\n<p>Usando o mesmo vestido da gesta\u00e7\u00e3o, a ex-BBB apareceu na primeira foto gr\u00e1vida e em seguida com a beb\u00ea no colo depois de uma semana da chegada dela. O momento ainda foi protagonizado ao lado a filha, Sophia <strong>Cardi.<\/strong> <a href=\"https:\/\/caras.com.br\/bem-estar\/maira-cardi-choca-com-antes-e-depois-de-seu-corpo-apos-uma-semana-do-parto-da-filha.phtml\" rel=\"nofollow noopener\" target=\"_blank\">Veja as fotos aqui!<\/a><\/p>\n<p>        <a href=\"https:\/\/caras.com.br\/autor\/nataly-paschoal\" rel=\"nofollow noopener\" target=\"_blank\">&#13;<br \/>\n          <img loading=\"lazy\" decoding=\"async\" alt=\"Nataly Paschoal\" src=\"https:\/\/www.europesays.com\/pt\/wp-content\/uploads\/2025\/11\/nataly-paschoal_sqmd.jpg\" class=\"avatar avatar-115 photo rounded-circle\" height=\"115\" width=\"115\"\/>        <\/a><\/p>\n<p><b>Nataly Paschoal <\/b>\u00e9 rep\u00f3rter de conte\u00fado do site CARAS. Formada em jornalismo pela Faculdade C\u00e1sper L\u00edbero, ela j\u00e1 passou por sites como Todateen, Sportlife e espnW. Escreve sobre celebridades, TV, reality show e novelas.<\/p>\n","protected":false},"excerpt":{"rendered":"A filha de Thiago Nigro e Ma\u00edra Cardi, Eloah, esbanjou fofura em uma nova apari\u00e7\u00e3o. Neste domingo, 09,&hellip;\n","protected":false},"author":2,"featured_media":146979,"comment_status":"","ping_status":"","sticky":false,"template":"","format":"standard","meta":{"footnotes":""},"categories":[145],"tags":[211,210,29228,114,115,31938,7142,32,33],"class_list":{"0":"post-146978","1":"post","2":"type-post","3":"status-publish","4":"format-standard","5":"has-post-thumbnail","7":"category-celebridades","8":"tag-celebridades","9":"tag-celebrities","10":"tag-eloah","11":"tag-entertainment","12":"tag-entretenimento","13":"tag-filha-maira-cardi","14":"tag-maira-cardi","15":"tag-portugal","16":"tag-pt"},"share_on_mastodon":{"url":"https:\/\/pubeurope.com\/@pt\/115526990936791249","error":""},"_links":{"self":[{"href":"https:\/\/www.europesays.com\/pt\/wp-json\/wp\/v2\/posts\/146978","targetHints":{"allow":["GET"]}}],"collection":[{"href":"https:\/\/www.europesays.com\/pt\/wp-json\/wp\/v2\/posts"}],"about":[{"href":"https:\/\/www.europesays.com\/pt\/wp-json\/wp\/v2\/types\/post"}],"author":[{"embeddable":true,"href":"https:\/\/www.europesays.com\/pt\/wp-json\/wp\/v2\/users\/2"}],"replies":[{"embeddable":true,"href":"https:\/\/www.europesays.com\/pt\/wp-json\/wp\/v2\/comments?post=146978"}],"version-history":[{"count":0,"href":"https:\/\/www.europesays.com\/pt\/wp-json\/wp\/v2\/posts\/146978\/revisions"}],"wp:featuredmedia":[{"embeddable":true,"href":"https:\/\/www.europesays.com\/pt\/wp-json\/wp\/v2\/media\/146979"}],"wp:attachment":[{"href":"https:\/\/www.europesays.com\/pt\/wp-json\/wp\/v2\/media?parent=146978"}],"wp:term":[{"taxonomy":"category","embeddable":true,"href":"https:\/\/www.europesays.com\/pt\/wp-json\/wp\/v2\/categories?post=146978"},{"taxonomy":"post_tag","embeddable":true,"href":"https:\/\/www.europesays.com\/pt\/wp-json\/wp\/v2\/tags?post=146978"}],"curies":[{"name":"wp","href":"https:\/\/api.w.org\/{rel}","templated":true}]}}