{"id":146985,"date":"2025-11-10T19:17:05","date_gmt":"2025-11-10T19:17:05","guid":{"rendered":"https:\/\/www.europesays.com\/pt\/146985\/"},"modified":"2025-11-10T19:17:05","modified_gmt":"2025-11-10T19:17:05","slug":"voce-vai-me-tirar-neymar-grita-com-colega-e-irrita-se-com-substituicao","status":"publish","type":"post","link":"https:\/\/www.europesays.com\/pt\/146985\/","title":{"rendered":"\u00abVoc\u00ea vai me tirar?\u00bb: Neymar grita com colega e irrita-se com substitui\u00e7\u00e3o"},"content":{"rendered":"<p data-end=\"626\" data-start=\"225\">O Santos voltou a perder no Brasileir\u00e3o, desta vez frente ao Flamengo (<a href=\"https:\/\/maisfutebol.iol.pt\/brasil\/internacional\/video-abel-derrotado-no-brasil-carlos-vinicius-personifica-r9\" target=\"_blank\" rel=\"nofollow noopener\">3-2<\/a>), num jogo marcado pelo regresso de Neymar \u00e0 titularidade e pela rea\u00e7\u00e3o do avan\u00e7ado \u00e0 sua substitui\u00e7\u00e3o j\u00e1 perto do final.<\/p>\n<p data-end=\"626\" data-start=\"225\">O internacional brasileiro, que atuou 85 minutos, n\u00e3o conseguiu evitar o desaire e deixou o relvado visivelmente contrariado, descendo diretamente para os balne\u00e1rios.<\/p>\n<p data-end=\"671\" data-start=\"628\">Durante o jogo, Neymar mostrou-se v\u00e1rias vezes insatisfeito com as decis\u00f5es do \u00e1rbitro S\u00e1vio Pereira Sampaio, tendo recebido um cart\u00e3o amarelo ap\u00f3s protestos. Ao intervalo, o capit\u00e3o do Santos criticou duramente a arbitragem.<\/p>\n<p data-end=\"1686\" data-start=\"1440\">\u00abO \u00e1rbitro \u00e9 muito mau. Al\u00e9m de ser mau, \u00e9 arrogante. A arrog\u00e2ncia do \u00e1rbitro de hoje, que nem sei o nome, \u00e9 horr\u00edvel\u00bb, afirmou ao intervalo.<\/p>\n<p data-end=\"1984\" data-start=\"1812\">\u00abTemos de estar mais calmos e, no \u00faltimo ter\u00e7o do campo, t\u00eam de me procurar mais. S\u00f3 assim conseguiremos marcar golos. Mas estamos a tentar, n\u00e3o estamos a jogar mal\u00bb, acrescentou.<\/p>\n<p data-end=\"2028\" data-start=\"1986\">Na sequ\u00eancia de um dos golos sofridos pelo Santos, Neymar foi ainda visto a criticar fortemente o defesa Z\u00e9 Ivaldo, que ouviu as palavras do brasileiro de cabe\u00e7a baixa.<\/p>\n<p data-end=\"2028\" data-start=\"1986\">Aos 85 minutos, Neymar foi mesmo substitu\u00eddo e n\u00e3o deixou de mostrar o seu descontentamento para com o treinador\u00a0Juan Pablo Vojvoda. \u00abVoc\u00ea vai me tirar?\u00bb, disse para o t\u00e9cnico do\u00a0peixe.<\/p>\n<p data-end=\"2028\" data-start=\"1986\">\u00a0<\/p>\n<p data-end=\"2497\" data-start=\"2368\">Com esta derrota, o Santos mant\u00e9m-se na 17.\u00aa posi\u00e7\u00e3o, dentro da zona de despromo\u00e7\u00e3o, antes de defrontar o Palmeiras, no pr\u00f3ximo s\u00e1bado (15), na Vila Belmiro, em partida em atraso da 13.\u00aa jornada.<\/p>\n","protected":false},"excerpt":{"rendered":"O Santos voltou a perder no Brasileir\u00e3o, desta vez frente ao Flamengo (3-2), num jogo marcado pelo regresso&hellip;\n","protected":false},"author":2,"featured_media":146986,"comment_status":"","ping_status":"","sticky":false,"template":"","format":"standard","meta":{"footnotes":""},"categories":[87],"tags":[726,135,2460,82,46,1996,32,33,47,7982,134],"class_list":{"0":"post-146985","1":"post","2":"type-post","3":"status-publish","4":"format-standard","5":"has-post-thumbnail","7":"category-desporto","8":"tag-brasil","9":"tag-desporto","10":"tag-flamengo","11":"tag-internacional","12":"tag-maisfutebol","13":"tag-neymar","14":"tag-portugal","15":"tag-pt","16":"tag-pura-paixao","17":"tag-santos","18":"tag-sports"},"share_on_mastodon":{"url":"https:\/\/pubeurope.com\/@pt\/115527014422699586","error":""},"_links":{"self":[{"href":"https:\/\/www.europesays.com\/pt\/wp-json\/wp\/v2\/posts\/146985","targetHints":{"allow":["GET"]}}],"collection":[{"href":"https:\/\/www.europesays.com\/pt\/wp-json\/wp\/v2\/posts"}],"about":[{"href":"https:\/\/www.europesays.com\/pt\/wp-json\/wp\/v2\/types\/post"}],"author":[{"embeddable":true,"href":"https:\/\/www.europesays.com\/pt\/wp-json\/wp\/v2\/users\/2"}],"replies":[{"embeddable":true,"href":"https:\/\/www.europesays.com\/pt\/wp-json\/wp\/v2\/comments?post=146985"}],"version-history":[{"count":0,"href":"https:\/\/www.europesays.com\/pt\/wp-json\/wp\/v2\/posts\/146985\/revisions"}],"wp:featuredmedia":[{"embeddable":true,"href":"https:\/\/www.europesays.com\/pt\/wp-json\/wp\/v2\/media\/146986"}],"wp:attachment":[{"href":"https:\/\/www.europesays.com\/pt\/wp-json\/wp\/v2\/media?parent=146985"}],"wp:term":[{"taxonomy":"category","embeddable":true,"href":"https:\/\/www.europesays.com\/pt\/wp-json\/wp\/v2\/categories?post=146985"},{"taxonomy":"post_tag","embeddable":true,"href":"https:\/\/www.europesays.com\/pt\/wp-json\/wp\/v2\/tags?post=146985"}],"curies":[{"name":"wp","href":"https:\/\/api.w.org\/{rel}","templated":true}]}}