{"id":146991,"date":"2025-11-10T19:20:11","date_gmt":"2025-11-10T19:20:11","guid":{"rendered":"https:\/\/www.europesays.com\/pt\/146991\/"},"modified":"2025-11-10T19:20:11","modified_gmt":"2025-11-10T19:20:11","slug":"mrm-brasil-assume-projeto-digital-da-purina-na-america-latina","status":"publish","type":"post","link":"https:\/\/www.europesays.com\/pt\/146991\/","title":{"rendered":"MRM Brasil assume projeto digital da Purina na Am\u00e9rica Latina"},"content":{"rendered":"<p class=\"p3\">A ag\u00eancia <a href=\"https:\/\/acontecendoaqui.com.br\/marketing\/mrm-brasil-e-a-nova-agencia-de-crm-e-dados-do-grupo-loreal\/\" target=\"_blank\" rel=\"noopener nofollow\">MRM Brasil<\/a> foi escolhida pela <strong>Purina<\/strong> para liderar um projeto digital estrat\u00e9gico para a marca, que pertence \u00e0 Nestl\u00e9. O projeto alcan\u00e7a toda a Am\u00e9rica Latina.<\/p>\n<p class=\"p3\">A conquista refor\u00e7a o <a href=\"https:\/\/www.mrmbrasil.com.br\/\" target=\"_blank\" rel=\"noopener nofollow\">posicionamento<\/a> da MRM como parceira estrat\u00e9gica em transforma\u00e7\u00e3o digital e experi\u00eancia de marca, consolidando sua presen\u00e7a na regi\u00e3o e fortalecendo sua atua\u00e7\u00e3o na cria\u00e7\u00e3o de solu\u00e7\u00f5es que conectam dados, tecnologia, criatividade e inova\u00e7\u00e3o.<\/p>\n<p><a target=\"_blank\" href=\"https:\/\/www.instagram.com\/prefcriciuma\/\" data-post_id=\"232905\" rel=\"nofollow noopener\"><img decoding=\"async\" width=\"336px\" height=\"280px\" src=\"data:image\/svg+xml,%3Csvg%20xmlns=\" http:=\"\" alt=\"\" data-lazy-src=\"https:\/\/www.europesays.com\/pt\/wp-content\/uploads\/2025\/11\/PREFEITURA-CRICIUMA-2025-100-ANOS-BANNER-WEB-ACONTECENDO-AQUI-336x280-1.png\"\/><\/a>Publicidade<\/p>\n<p class=\"p3\">\u201cTrabalhar com uma marca global como a Purina refor\u00e7a nossa capacidade de atuar de forma integrada e o papel da MRM como parceira estrat\u00e9gica na transforma\u00e7\u00e3o digital das marcas\u201d, comenta F\u00e1bio Souza, CEO da MRM Brasil.<\/p>\n<p><img fetchpriority=\"high\" decoding=\"async\" class=\"aligncenter wp-image-234637\" src=\"data:image\/svg+xml,%3Csvg%20xmlns=\" http:=\"\" alt=\"\" width=\"875\" height=\"500\" data-lazy- data-lazy- data-lazy-src=\"https:\/\/www.europesays.com\/pt\/wp-content\/uploads\/2025\/11\/purinamrm2-300x171.jpg\"\/><\/p>\n<p>\u00a0<\/p>\n<p class=\"p4\">Entre em contato com o AcontecendoAqui se tiver interesse em divulgar seus trabalhos para a Comunidade AcontecendoAqui. Envie um e-mail para\u00a0<a href=\"https:\/\/acontecendoaqui.com.br\/cdn-cgi\/l\/email-protection\" class=\"__cf_email__\" data-cfemail=\"99ebfcfdf8faf8f6d9f8faf6f7edfcfafcf7fdf6f8e8ecf0b7faf6f4b7fbeb\" rel=\"nofollow noopener\" target=\"_blank\">[email\u00a0protected]<\/a><\/p>\n<p>            <script async src=\"\/\/www.instagram.com\/embed.js\"><\/script><\/p>\n","protected":false},"excerpt":{"rendered":"A ag\u00eancia MRM Brasil foi escolhida pela Purina para liderar um projeto digital estrat\u00e9gico para a marca, que&hellip;\n","protected":false},"author":2,"featured_media":146992,"comment_status":"","ping_status":"","sticky":false,"template":"","format":"standard","meta":{"footnotes":""},"categories":[84],"tags":[8551,3291,1028,109,107,108,1176,2384,595,4753,32119,8490,32,4108,24816,33,32120,105,103,104,106,110],"class_list":{"0":"post-146991","1":"post","2":"type-post","3":"status-publish","4":"format-standard","5":"has-post-thumbnail","7":"category-ciencia-e-tecnologia","8":"tag-acao","9":"tag-agencia","10":"tag-america-latina","11":"tag-ciencia","12":"tag-ciencia-e-tecnologia","13":"tag-cienciaetecnologia","14":"tag-dados","15":"tag-empresa","16":"tag-marca","17":"tag-marketing","18":"tag-mrm-brasil","19":"tag-nestle","20":"tag-portugal","21":"tag-projeto","22":"tag-propaganda","23":"tag-pt","24":"tag-purina","25":"tag-science","26":"tag-science-and-technology","27":"tag-scienceandtechnology","28":"tag-technology","29":"tag-tecnologia"},"share_on_mastodon":{"url":"https:\/\/pubeurope.com\/@pt\/115527026562779383","error":""},"_links":{"self":[{"href":"https:\/\/www.europesays.com\/pt\/wp-json\/wp\/v2\/posts\/146991","targetHints":{"allow":["GET"]}}],"collection":[{"href":"https:\/\/www.europesays.com\/pt\/wp-json\/wp\/v2\/posts"}],"about":[{"href":"https:\/\/www.europesays.com\/pt\/wp-json\/wp\/v2\/types\/post"}],"author":[{"embeddable":true,"href":"https:\/\/www.europesays.com\/pt\/wp-json\/wp\/v2\/users\/2"}],"replies":[{"embeddable":true,"href":"https:\/\/www.europesays.com\/pt\/wp-json\/wp\/v2\/comments?post=146991"}],"version-history":[{"count":0,"href":"https:\/\/www.europesays.com\/pt\/wp-json\/wp\/v2\/posts\/146991\/revisions"}],"wp:featuredmedia":[{"embeddable":true,"href":"https:\/\/www.europesays.com\/pt\/wp-json\/wp\/v2\/media\/146992"}],"wp:attachment":[{"href":"https:\/\/www.europesays.com\/pt\/wp-json\/wp\/v2\/media?parent=146991"}],"wp:term":[{"taxonomy":"category","embeddable":true,"href":"https:\/\/www.europesays.com\/pt\/wp-json\/wp\/v2\/categories?post=146991"},{"taxonomy":"post_tag","embeddable":true,"href":"https:\/\/www.europesays.com\/pt\/wp-json\/wp\/v2\/tags?post=146991"}],"curies":[{"name":"wp","href":"https:\/\/api.w.org\/{rel}","templated":true}]}}