{"id":147018,"date":"2025-11-10T19:39:20","date_gmt":"2025-11-10T19:39:20","guid":{"rendered":"https:\/\/www.europesays.com\/pt\/147018\/"},"modified":"2025-11-10T19:39:20","modified_gmt":"2025-11-10T19:39:20","slug":"ela-chegou-kim-kardashian-desembarca-no-rio-de-janeiro","status":"publish","type":"post","link":"https:\/\/www.europesays.com\/pt\/147018\/","title":{"rendered":"Ela chegou! Kim Kardashian desembarca no Rio de Janeiro"},"content":{"rendered":"<p>A socialite, empres\u00e1ria e atriz <a href=\"https:\/\/caras.com.br\/tags\/kim-kardashian\" rel=\"nofollow noopener\" target=\"_blank\"><strong>Kim Kardashian<\/strong><\/a> j\u00e1 est\u00e1 no Brasil! A estrela desembarcou em um aeroporto do Rio de Janeiro na manh\u00e3 desta segunda-feira, 10, ao lado de sua equipe.<\/p>\n<p>De forma discreta, ela saiu da aeronave acompanhada de funcion\u00e1rios do aeroporto e caminhando pela lateral da pista. A chegada discreta dela foi um jeito de despistar a multid\u00e3o e n\u00e3o causar alvoro\u00e7o no aeroporto, j\u00e1 que ela \u00e9 uma estrela internacional.<\/p>\n<p>Afinal, por que Kim Kardashian est\u00e1 no Brasil? A morena est\u00e1 no Rio de Janeiro para participar do evento de lan\u00e7amento da s\u00e9rie Tudo \u00c9 Justo, da Disney. Ela vai se reunir com outras atrizes do elenco, como Naomi Watts, Sarah Paulson e Niecy Nash para divulgar o projeto para os f\u00e3s brasileiros em um evento cheio de glamour e sofistica\u00e7\u00e3o.<\/p>\n<p> <img loading=\"lazy\" decoding=\"async\" class=\"wp-image-1029102 size-full img-fluid lazy\" alt=\"Kim Kardashian em um aeroporto no Rio de Janeiro - Foto: Victor Chapetta \/ BrazilNews\" width=\"2048\" height=\"1366\" src=\"https:\/\/www.europesays.com\/pt\/wp-content\/uploads\/2025\/11\/Kim-Kardashian-27.jpg\"  \/>Kim Kardashian em um aeroporto no Rio de Janeiro \u2013 Foto: Victor Chapetta \/ BrazilNews <img loading=\"lazy\" decoding=\"async\" class=\"wp-image-1029101 size-full img-fluid lazy\" alt=\"Kim Kardashian em um aeroporto no Rio de Janeiro - Foto: Victor Chapetta \/ BrazilNews\" width=\"2048\" height=\"1366\" src=\"https:\/\/www.europesays.com\/pt\/wp-content\/uploads\/2025\/11\/Kim-Kardashian-14.jpg\"  \/>Kim Kardashian em um aeroporto no Rio de Janeiro \u2013 Foto: Victor Chapetta \/ BrazilNews <img loading=\"lazy\" decoding=\"async\" class=\"wp-image-1029100 size-full img-fluid lazy\" alt=\"Kim Kardashian em um aeroporto no Rio de Janeiro - Foto: Victor Chapetta \/ BrazilNews\" width=\"2048\" height=\"1366\" src=\"https:\/\/www.europesays.com\/pt\/wp-content\/uploads\/2025\/11\/Kim-Kardashian-13.jpg\"  \/>Kim Kardashian em um aeroporto no Rio de Janeiro \u2013 Foto: Victor Chapetta \/ BrazilNews <img loading=\"lazy\" decoding=\"async\" class=\"wp-image-1029099 size-full img-fluid lazy\" alt=\"Kim Kardashian em um aeroporto no Rio de Janeiro - Foto: Victor Chapetta \/ BrazilNews\" width=\"2048\" height=\"1366\" src=\"https:\/\/www.europesays.com\/pt\/wp-content\/uploads\/2025\/11\/Kim-Kardashian-11.jpg\"  \/>Kim Kardashian em um aeroporto no Rio de Janeiro \u2013 Foto: Victor Chapetta \/ BrazilNews <img loading=\"lazy\" decoding=\"async\" class=\"wp-image-1029098 size-full img-fluid lazy\" alt=\"Kim Kardashian em um aeroporto no Rio de Janeiro - Foto: Victor Chapetta \/ BrazilNews\" width=\"1366\" height=\"2048\" src=\"https:\/\/www.europesays.com\/pt\/wp-content\/uploads\/2025\/11\/Kim-Kardashian-08.jpg\"  \/>Kim Kardashian em um aeroporto no Rio de Janeiro \u2013 Foto: Victor Chapetta \/ BrazilNews Saiba qual \u00e9 a hist\u00f3ria da s\u00e9rie Tudo \u00c9 Justo, da Disney <\/p>\n<p>A s\u00e9rie Tudo \u00c9 Justo, da Disney, acompanha a hist\u00f3ria de um grupo de poderosas advogadas de div\u00f3rcio em Los Angeles que decidem deixar um ambiente de trabalho dominado por homens para fundar seu pr\u00f3prio e exclusivo escrit\u00f3rio de advocacia.<\/p>\n<p>Elas s\u00e3o especializadas em atender apenas mulheres em processos de separa\u00e7\u00e3o de alto n\u00edvel, lidando com clientes ricas e famosas e seus escandalosos casos. Em um mundo onde o dinheiro e a fama ditam as regras, essas advogadas n\u00e3o apenas jogam o jogo, mas buscam mud\u00e1-lo, mostrando a \u201clei das mais fortes\u201d e enfrentando desafios intensos tanto na esfera profissional quanto na pessoal.<\/p>\n<p><strong>Leia tamb\u00e9m<\/strong>: <a href=\"https:\/\/caras.com.br\/bem-estar\/kim-kardashian-descobre-aneurisma-apos-situacao-com-o-ex-marido-kanye-west.phtml\" rel=\"nofollow noopener\" target=\"_blank\">Kim Kardashian descobre aneurisma ap\u00f3s situa\u00e7\u00e3o com o ex-marido, Kanye West<\/a><\/p>\n<p>        <a href=\"https:\/\/caras.com.br\/autor\/priscilla-comoti\" rel=\"nofollow noopener\" target=\"_blank\">&#13;<br \/>\n          <img alt=\"Priscilla Comoti\" src=\"https:\/\/www.europesays.com\/pt\/wp-content\/uploads\/2025\/11\/1762803560_458_e53883bdf02c542f6517b68879e8cb08b27a1d55c4dfd53577e47d3ab6331a06\"  class=\"avatar avatar-115 photo rounded-circle mr-3\" height=\"115\" width=\"115\" loading=\"lazy\" decoding=\"async\"\/>        <\/a><\/p>\n<p>Priscilla Comoti \u00e9 editora de conte\u00fado do site CARAS. Ela \u00e9 formada em jornalismo e em audiovisual, j\u00e1 passou pelos sites Contigo!, Minha Novela, TiTiTi, Mais Novela e Portal M\u00e1rcia Piovesan. Escreve sobre celebridades, not\u00edcias sobre a fam\u00edlia real brit\u00e2nica, TV, reality show e novelas.<\/p>\n","protected":false},"excerpt":{"rendered":"A socialite, empres\u00e1ria e atriz Kim Kardashian j\u00e1 est\u00e1 no Brasil! A estrela desembarcou em um aeroporto do&hellip;\n","protected":false},"author":2,"featured_media":147019,"comment_status":"","ping_status":"","sticky":false,"template":"","format":"standard","meta":{"footnotes":""},"categories":[145],"tags":[726,211,210,114,115,5051,32,33,2326],"class_list":{"0":"post-147018","1":"post","2":"type-post","3":"status-publish","4":"format-standard","5":"has-post-thumbnail","7":"category-celebridades","8":"tag-brasil","9":"tag-celebridades","10":"tag-celebrities","11":"tag-entertainment","12":"tag-entretenimento","13":"tag-kim-kardashian","14":"tag-portugal","15":"tag-pt","16":"tag-rio-de-janeiro"},"share_on_mastodon":{"url":"https:\/\/pubeurope.com\/@pt\/115527101135450531","error":""},"_links":{"self":[{"href":"https:\/\/www.europesays.com\/pt\/wp-json\/wp\/v2\/posts\/147018","targetHints":{"allow":["GET"]}}],"collection":[{"href":"https:\/\/www.europesays.com\/pt\/wp-json\/wp\/v2\/posts"}],"about":[{"href":"https:\/\/www.europesays.com\/pt\/wp-json\/wp\/v2\/types\/post"}],"author":[{"embeddable":true,"href":"https:\/\/www.europesays.com\/pt\/wp-json\/wp\/v2\/users\/2"}],"replies":[{"embeddable":true,"href":"https:\/\/www.europesays.com\/pt\/wp-json\/wp\/v2\/comments?post=147018"}],"version-history":[{"count":0,"href":"https:\/\/www.europesays.com\/pt\/wp-json\/wp\/v2\/posts\/147018\/revisions"}],"wp:featuredmedia":[{"embeddable":true,"href":"https:\/\/www.europesays.com\/pt\/wp-json\/wp\/v2\/media\/147019"}],"wp:attachment":[{"href":"https:\/\/www.europesays.com\/pt\/wp-json\/wp\/v2\/media?parent=147018"}],"wp:term":[{"taxonomy":"category","embeddable":true,"href":"https:\/\/www.europesays.com\/pt\/wp-json\/wp\/v2\/categories?post=147018"},{"taxonomy":"post_tag","embeddable":true,"href":"https:\/\/www.europesays.com\/pt\/wp-json\/wp\/v2\/tags?post=147018"}],"curies":[{"name":"wp","href":"https:\/\/api.w.org\/{rel}","templated":true}]}}