{"id":147020,"date":"2025-11-10T19:42:13","date_gmt":"2025-11-10T19:42:13","guid":{"rendered":"https:\/\/www.europesays.com\/pt\/147020\/"},"modified":"2025-11-10T19:42:13","modified_gmt":"2025-11-10T19:42:13","slug":"apos-ser-assaltado-andre-lopes-faz-apelo-nas-redes-sociais","status":"publish","type":"post","link":"https:\/\/www.europesays.com\/pt\/147020\/","title":{"rendered":"Ap\u00f3s ser assaltado, Andr\u00e9 Lopes faz apelo nas redes sociais"},"content":{"rendered":"<p><a href=\"https:\/\/selfie.iol.pt\/famosos\/big-brother\/andre-lopes-passa-por-mudanca-drastica-no-rosto-e-os-fas-tem-algo-a-dizer\/20250816\/68a0384dd34e3f0baea1ada5\" target=\"_blank\" rel=\"nofollow noopener\">Andr\u00e9 Lopes<\/a> viveu um momento de tens\u00e3o, ap\u00f3s ser alvo de um assalto, conforme contou o ex-concorrente do &#8220;Big Brother&#8221;.<\/p>\n<p>O carro do personal trainer foi assaltado nas imedia\u00e7\u00f5es do Time Out Market, em Lisboa, e, nas redes sociais, o finalista do &#8220;<a href=\"https:\/\/tvi.iol.pt\/bigbrother\/\" target=\"_blank\" rel=\"nofollow noopener\">Big Brother 2023<\/a>&#8221; deixou um apelo para conseguir recuperar um objeto que considera essencial.<\/p>\n<p>&#8220;Por muito que pare\u00e7a imposs\u00edvel reaver o que quer que seja, s\u00f3 venho aqui pedir que me devolvam o telem\u00f3vel que estava dentro da mala&#8221;, come\u00e7ou por apelar Andr\u00e9 Lopes, antes de sublinhar: &#8220;A mala era da Emporio Armani, tinha muita coisa dentro, n\u00e3o preciso da carteira nem do resto que l\u00e1 estava, mas era essencial reaver o telem\u00f3vel.&#8221;<\/p>\n<p style=\"text-align:center\"><img loading=\"lazy\" decoding=\"async\" alt=\"\" height=\"889\" src=\"https:\/\/www.europesays.com\/pt\/wp-content\/uploads\/2025\/11\/6911ee80d34e3caad84b1c80.webp\" width=\"500\"\/><\/p>\n<p>\u00a0<\/p>\n","protected":false},"excerpt":{"rendered":"Andr\u00e9 Lopes viveu um momento de tens\u00e3o, ap\u00f3s ser alvo de um assalto, conforme contou o ex-concorrente do&hellip;\n","protected":false},"author":2,"featured_media":147021,"comment_status":"","ping_status":"","sticky":false,"template":"","format":"standard","meta":{"footnotes":""},"categories":[142],"tags":[8114,2446,48,8628,114,115,980,1015,619,32,33,1014,1012,3067,151],"class_list":{"0":"post-147020","1":"post","2":"type-post","3":"status-publish","4":"format-standard","5":"has-post-thumbnail","7":"category-tv","8":"tag-andre-lopes","9":"tag-assalto","10":"tag-big-brother","11":"tag-carteira","12":"tag-entertainment","13":"tag-entretenimento","14":"tag-famosos","15":"tag-instagram","16":"tag-nacional","17":"tag-portugal","18":"tag-pt","19":"tag-reality-show","20":"tag-selfie","21":"tag-telemovel","22":"tag-tv"},"share_on_mastodon":{"url":"https:\/\/pubeurope.com\/@pt\/115527113140908369","error":""},"_links":{"self":[{"href":"https:\/\/www.europesays.com\/pt\/wp-json\/wp\/v2\/posts\/147020","targetHints":{"allow":["GET"]}}],"collection":[{"href":"https:\/\/www.europesays.com\/pt\/wp-json\/wp\/v2\/posts"}],"about":[{"href":"https:\/\/www.europesays.com\/pt\/wp-json\/wp\/v2\/types\/post"}],"author":[{"embeddable":true,"href":"https:\/\/www.europesays.com\/pt\/wp-json\/wp\/v2\/users\/2"}],"replies":[{"embeddable":true,"href":"https:\/\/www.europesays.com\/pt\/wp-json\/wp\/v2\/comments?post=147020"}],"version-history":[{"count":0,"href":"https:\/\/www.europesays.com\/pt\/wp-json\/wp\/v2\/posts\/147020\/revisions"}],"wp:featuredmedia":[{"embeddable":true,"href":"https:\/\/www.europesays.com\/pt\/wp-json\/wp\/v2\/media\/147021"}],"wp:attachment":[{"href":"https:\/\/www.europesays.com\/pt\/wp-json\/wp\/v2\/media?parent=147020"}],"wp:term":[{"taxonomy":"category","embeddable":true,"href":"https:\/\/www.europesays.com\/pt\/wp-json\/wp\/v2\/categories?post=147020"},{"taxonomy":"post_tag","embeddable":true,"href":"https:\/\/www.europesays.com\/pt\/wp-json\/wp\/v2\/tags?post=147020"}],"curies":[{"name":"wp","href":"https:\/\/api.w.org\/{rel}","templated":true}]}}