{"id":147038,"date":"2025-11-10T19:51:18","date_gmt":"2025-11-10T19:51:18","guid":{"rendered":"https:\/\/www.europesays.com\/pt\/147038\/"},"modified":"2025-11-10T19:51:18","modified_gmt":"2025-11-10T19:51:18","slug":"apreendidos-125-petardos-a-menores-junto-de-escola","status":"publish","type":"post","link":"https:\/\/www.europesays.com\/pt\/147038\/","title":{"rendered":"Apreendidos 125 petardos a menores junto de escola"},"content":{"rendered":"<p data-remotead-prev-elm=\"true\" data-remotead-elm-id=\"inread\">No dia 7 de novembro, os pol\u00edcias da &#8220;Escola Segura&#8221; tiveram conhecimento do rebentamento de alguns petardos junto a um agrupamento escolar, na vila da Nazar\u00e9. &#8220;As dilig\u00eancias de investiga\u00e7\u00e3o permitiram determinar rapidamente o local e a forma de aquisi\u00e7\u00e3o (ocorrida via Internet), bem como a identifica\u00e7\u00e3o do adquirente (19 anos de idade) e de alguns menores que ainda detinham estes artigos pirot\u00e9cnicos&#8221;, informa um comunicado da PSP de Leiria.<\/p>\n<p>No total, foram apreendidos 125 artigos pirot\u00e9cnicos de categoria F3 &#8211; cujo uso \u00e9 proibido em via p\u00fablica &#8211; que estavam na posse de estudantes de v\u00e1rios estabelecimentos da vila da Nazar\u00e9.<\/p>\n<p>A PSP de Leiria alerta para as consequ\u00eancias do rebentamento de petardos, &#8220;porquanto podem causar uma variedade de les\u00f5es graves, tais como cortes, fraturas e queimaduras, especialmente nas m\u00e3os e antebra\u00e7os. Outros efeitos incluem danos nos ouvidos (como rutura do t\u00edmpano), les\u00f5es oculares, hemorragias internas ou perfura\u00e7\u00e3o intestinal&#8221;.<\/p>\n","protected":false},"excerpt":{"rendered":"No dia 7 de novembro, os pol\u00edcias da &#8220;Escola Segura&#8221; tiveram conhecimento do rebentamento de alguns petardos junto&hellip;\n","protected":false},"author":2,"featured_media":147039,"comment_status":"","ping_status":"","sticky":false,"template":"","format":"standard","meta":{"footnotes":""},"categories":[10],"tags":[27,28,32123,15,16,14,603,25,26,21,22,5563,12,13,19,20,32124,32,23,24,1306,33,17,18,29,30,31],"class_list":{"0":"post-147038","1":"post","2":"type-post","3":"status-publish","4":"format-standard","5":"has-post-thumbnail","7":"category-portugal","8":"tag-breaking-news","9":"tag-breakingnews","10":"tag-escola-segura","11":"tag-featured-news","12":"tag-featurednews","13":"tag-headlines","14":"tag-justica","15":"tag-latest-news","16":"tag-latestnews","17":"tag-main-news","18":"tag-mainnews","19":"tag-nazare","20":"tag-news","21":"tag-noticias","22":"tag-noticias-principais","23":"tag-noticiasprincipais","24":"tag-petardos","25":"tag-portugal","26":"tag-principais-noticias","27":"tag-principaisnoticias","28":"tag-psp","29":"tag-pt","30":"tag-top-stories","31":"tag-topstories","32":"tag-ultimas","33":"tag-ultimas-noticias","34":"tag-ultimasnoticias"},"share_on_mastodon":{"url":"https:\/\/pubeurope.com\/@pt\/115527148074509022","error":""},"_links":{"self":[{"href":"https:\/\/www.europesays.com\/pt\/wp-json\/wp\/v2\/posts\/147038","targetHints":{"allow":["GET"]}}],"collection":[{"href":"https:\/\/www.europesays.com\/pt\/wp-json\/wp\/v2\/posts"}],"about":[{"href":"https:\/\/www.europesays.com\/pt\/wp-json\/wp\/v2\/types\/post"}],"author":[{"embeddable":true,"href":"https:\/\/www.europesays.com\/pt\/wp-json\/wp\/v2\/users\/2"}],"replies":[{"embeddable":true,"href":"https:\/\/www.europesays.com\/pt\/wp-json\/wp\/v2\/comments?post=147038"}],"version-history":[{"count":0,"href":"https:\/\/www.europesays.com\/pt\/wp-json\/wp\/v2\/posts\/147038\/revisions"}],"wp:featuredmedia":[{"embeddable":true,"href":"https:\/\/www.europesays.com\/pt\/wp-json\/wp\/v2\/media\/147039"}],"wp:attachment":[{"href":"https:\/\/www.europesays.com\/pt\/wp-json\/wp\/v2\/media?parent=147038"}],"wp:term":[{"taxonomy":"category","embeddable":true,"href":"https:\/\/www.europesays.com\/pt\/wp-json\/wp\/v2\/categories?post=147038"},{"taxonomy":"post_tag","embeddable":true,"href":"https:\/\/www.europesays.com\/pt\/wp-json\/wp\/v2\/tags?post=147038"}],"curies":[{"name":"wp","href":"https:\/\/api.w.org\/{rel}","templated":true}]}}