{"id":147043,"date":"2025-11-10T20:05:04","date_gmt":"2025-11-10T20:05:04","guid":{"rendered":"https:\/\/www.europesays.com\/pt\/147043\/"},"modified":"2025-11-10T20:05:04","modified_gmt":"2025-11-10T20:05:04","slug":"tom-cruise-e-emily-blunt-apresentaram-um-dos-melhores-filmes-de-ficcao-cientifica-da-historia-tres-vezes-em-24-horas-por-todo-o-planeta-noticias-de-cinema","status":"publish","type":"post","link":"https:\/\/www.europesays.com\/pt\/147043\/","title":{"rendered":"Tom Cruise e Emily Blunt apresentaram um dos melhores filmes de fic\u00e7\u00e3o cient\u00edfica da hist\u00f3ria tr\u00eas vezes em 24 horas por todo o planeta &#8211; Not\u00edcias de cinema"},"content":{"rendered":"<p>No Limite do Amanh\u00e3 n\u00e3o \u00e9 apenas um filme fant\u00e1stico, mas tamb\u00e9m teve Tom Cruise envolvido no marketing.<\/p>\n<p class=\"bo-p\">\u00c0 medida que a estreia de <a href=\"https:\/\/www.adorocinema.com\/filmes\/filme-185030\/\" class=\"bo-link\" rel=\"nofollow noopener\" target=\"_blank\">No Limite do Amanh\u00e3<\/a> se aproximava, em maio de 2014, <a href=\"https:\/\/www.adorocinema.com\/personalidades\/personalidade-123054\/\" class=\"bo-link\" rel=\"nofollow noopener\" target=\"_blank\">Emily Blunt<\/a> come\u00e7ou a se sentir mais inquieta: quais eram os planos da equipe de marketing? Onde eles apresentariam o filme?<\/p>\n<p class=\"bo-p\">Ela n\u00e3o esperava que <a href=\"https:\/\/www.adorocinema.com\/personalidades\/personalidade-1722\/\" class=\"bo-link\" rel=\"nofollow noopener\" target=\"_blank\">Tom Cruise<\/a> interviesse, \u00e9 claro, com uma decis\u00e3o que <a href=\"https:\/\/www.adorocinema.com\/noticias\/filmes\/noticia-1000160576\/\" class=\"bo-link\" rel=\"nofollow noopener\" target=\"_blank\">tornaria aquela estreia inesquec\u00edvel<\/a>: <b>eles realizariam tr\u00eas estreias em tr\u00eas cidades diferentes, em dois continentes diferentes, ao longo de 24 horas!<\/b> Se pegar um avi\u00e3o j\u00e1 \u00e9 demais para lidar, imagine esta maratona insana.<\/p>\n<p>Essa \u00e9 a coisa do Tom<\/p>\n<p class=\"bo-p\">Claro, <a href=\"https:\/\/www.adorocinema.com\/noticias\/filmes\/noticia-1000166861\/\" class=\"bo-link\" rel=\"nofollow noopener\" target=\"_blank\">Blunt n\u00e3o teve d\u00favidas quando recebeu sua pr\u00f3pria &#8220;miss\u00e3o imposs\u00edvel&#8221;<\/a>: &#8220;Quando ouvi a ideia de tr\u00eas estreias em um dia, simplesmente disse: &#8216;Essa \u00e9 ideia do Tom'&#8221;. Essa proeza come\u00e7ou de manh\u00e3 em Londres, \u00e0s 6h30 (um hor\u00e1rio muito estranho, se voc\u00ea me perguntar, para uma estreia, mas tudo para agradar Cruise), continuou naquela tarde em Paris e terminou naquela noite em Nova York. E se voc\u00ea acha que nosso protagonista n\u00e3o se divertiu muito, voc\u00ea n\u00e3o o conhece!<\/p>\n<p class=\"bo-p\">Na primeira viagem, Cruise e Blunt se juntaram ao restante do elenco e ao diretor no mesmo avi\u00e3o, algo que ambos descreveram como &#8220;muito divertido&#8221; e onde basicamente passaram o tempo socializando.<\/p>\n<p class=\"bo-p\">O segundo voo transoce\u00e2nico, no entanto, foi bem diferente: os dois atores embarcaram sozinhos em seu pr\u00f3prio avi\u00e3o para poderem descansar. Ali\u00e1s, segundo a atriz, ela passou a viagem inteira de pijama, aconchegada com sua maquiadora antes de dormir.<\/p>\n<p>                                <img loading=\"lazy\" decoding=\"async\" class=\"article-figure-img\" src=\"https:\/\/www.europesays.com\/pt\/wp-content\/uploads\/2025\/11\/90c1816600e6a1e3d6130e18d7101274.png\" width=\"640\" height=\"320\" alt=\"\"\/><\/p>\n<p>                                    Getty Images<\/p>\n<p class=\"bo-p\">O ator tamb\u00e9m tirou um cochilo, mas foi um cochilo curto: &#8220;Me sinto bem, \u00e9 como fazer um filme. Voc\u00ea dorme algumas horas, levanta e volta.&#8221; Na estreia em Nova York, Cruise posou para fotos com f\u00e3s por uma hora no tapete vermelho antes de entrar no cinema pela terceira e \u00faltima vez naquele dia.<\/p>\n<p class=\"bo-p\">Valeu a pena todo o esfor\u00e7o e a correria: o filme deu lucro e, at\u00e9 hoje, o burburinho em torno <a href=\"https:\/\/www.adorocinema.com\/noticias\/filmes\/noticia-1000167660\/\" class=\"bo-link\" rel=\"nofollow noopener\" target=\"_blank\">de sua famosa sequ\u00eancia continua crescendo<\/a>. Se estrear, s\u00f3 podemos esperar que fa\u00e7am seis estreias em 24 horas desta vez. Eles se superaram, de verdade.<\/p>\n","protected":false},"excerpt":{"rendered":"No Limite do Amanh\u00e3 n\u00e3o \u00e9 apenas um filme fant\u00e1stico, mas tamb\u00e9m teve Tom Cruise envolvido no marketing.&hellip;\n","protected":false},"author":2,"featured_media":147044,"comment_status":"","ping_status":"","sticky":false,"template":"","format":"standard","meta":{"footnotes":""},"categories":[140],"tags":[114,115,147,148,146,32,33],"class_list":{"0":"post-147043","1":"post","2":"type-post","3":"status-publish","4":"format-standard","5":"has-post-thumbnail","7":"category-filmes","8":"tag-entertainment","9":"tag-entretenimento","10":"tag-film","11":"tag-filmes","12":"tag-movies","13":"tag-portugal","14":"tag-pt"},"share_on_mastodon":{"url":"https:\/\/pubeurope.com\/@pt\/115527203286837916","error":""},"_links":{"self":[{"href":"https:\/\/www.europesays.com\/pt\/wp-json\/wp\/v2\/posts\/147043","targetHints":{"allow":["GET"]}}],"collection":[{"href":"https:\/\/www.europesays.com\/pt\/wp-json\/wp\/v2\/posts"}],"about":[{"href":"https:\/\/www.europesays.com\/pt\/wp-json\/wp\/v2\/types\/post"}],"author":[{"embeddable":true,"href":"https:\/\/www.europesays.com\/pt\/wp-json\/wp\/v2\/users\/2"}],"replies":[{"embeddable":true,"href":"https:\/\/www.europesays.com\/pt\/wp-json\/wp\/v2\/comments?post=147043"}],"version-history":[{"count":0,"href":"https:\/\/www.europesays.com\/pt\/wp-json\/wp\/v2\/posts\/147043\/revisions"}],"wp:featuredmedia":[{"embeddable":true,"href":"https:\/\/www.europesays.com\/pt\/wp-json\/wp\/v2\/media\/147044"}],"wp:attachment":[{"href":"https:\/\/www.europesays.com\/pt\/wp-json\/wp\/v2\/media?parent=147043"}],"wp:term":[{"taxonomy":"category","embeddable":true,"href":"https:\/\/www.europesays.com\/pt\/wp-json\/wp\/v2\/categories?post=147043"},{"taxonomy":"post_tag","embeddable":true,"href":"https:\/\/www.europesays.com\/pt\/wp-json\/wp\/v2\/tags?post=147043"}],"curies":[{"name":"wp","href":"https:\/\/api.w.org\/{rel}","templated":true}]}}