{"id":147056,"date":"2025-11-10T20:18:10","date_gmt":"2025-11-10T20:18:10","guid":{"rendered":"https:\/\/www.europesays.com\/pt\/147056\/"},"modified":"2025-11-10T20:18:10","modified_gmt":"2025-11-10T20:18:10","slug":"fedora-man-o-misterio-do-louvre-e-um-jovem-de-15-anos-observador","status":"publish","type":"post","link":"https:\/\/www.europesays.com\/pt\/147056\/","title":{"rendered":"&#8220;Fedora Man&#8221;. O mist\u00e9rio do Louvre \u00e9 um jovem de 15 anos \u2013 Observador"},"content":{"rendered":"<p>Nem detetive, nem produto de intelig\u00eancia artificial, nem sequer adulto. O ic\u00f3nico \u201cFedora Man\u201d apanhado ao lado de agentes da pol\u00edcia numa fotografia da Associated Press ap\u00f3s o roubo do museu do Louvre, em Paris, no dia 19 de outubro, \u00e9 afinal um jovem de 15 anos apaixonado pelas hist\u00f3rias de Sherlock Holmes ou Hercule Poirot.<\/p>\n<p><strong>Pedro Elias Garzon Delvaux \u00e9 o jovem a usar o chap\u00e9u Fedora<\/strong> e com roupas que recuperam uma est\u00e9tica de outra era, mais adequada aos anos 40 e a um filme noir, que se tornou um fen\u00f3meno da Internet, alimentando a especula\u00e7\u00e3o de que seria o detetive franc\u00eas respons\u00e1vel pela investiga\u00e7\u00e3o do roubo.<\/p>\n<p>Em entrevista \u00e0 <a href=\"https:\/\/apnews.com\/article\/louvre-fedora-man-ap-photo-c0d59847ef5f836a0c5ac49de8bff441\" rel=\"nofollow noopener\" target=\"_blank\">AP<\/a>, Pedro Delvaux, que vive com os pais e o av\u00f4 em Rambouillet (a cerca de 30 kms de Paris), quebrou agora o mist\u00e9rio. \u201cN\u00e3o quis dizer imediatamente que era eu. Esta foto tem um mist\u00e9rio, por isso \u00e9 preciso fazer com que dure\u201d, afirmou.<\/p>\n<blockquote class=\"twitter-tweet\" data-width=\"500\" data-dnt=\"true\">\n<p lang=\"zxx\" dir=\"ltr\"><a href=\"https:\/\/t.co\/hRcW2m67bI\" rel=\"nofollow\">pic.twitter.com\/hRcW2m67bI<\/a><\/p>\n<p>\u2014 The Associated Press (@AP) <a href=\"https:\/\/twitter.com\/AP\/status\/1987924007778480408?ref_src=twsrc%5Etfw\" rel=\"nofollow noopener\" target=\"_blank\">November 10, 2025<\/a><\/p>\n<\/blockquote>\n<p>Recuperando n\u00e3o s\u00f3 o Fedora \u2014 inclinado de forma a homenagear Jean Moulin, her\u00f3i da Resist\u00eancia francesa \u2014, mas tamb\u00e9m o resto do visual \u2014 um colete Yves Saint Laurent do pai, um casaco escolhido pela m\u00e3e, uma elegante gravata azul com riscas, cal\u00e7as Tommy Hilfiger e um rel\u00f3gio russo antigo que foi restaurado \u2014, o jovem confessou que foi uma casualidade ter aparecido na fotografia, embora esclare\u00e7a que aprecia esta est\u00e9tica e que costuma ir assim para a escola.<\/p>\n<p>\u201c<strong>Quer\u00edamos ir ao Louvre, mas estava fechado. N\u00e3o sab\u00edamos que tinha havido um assalto<\/strong>\u201c, explicou Pedro Delvaux, acrescentando: \u201cQuando a foto foi tirada, eu n\u00e3o sabia. Estava apenas a passar\u201d.<\/p>\n<p>Alguns dias depois, recebeu uma mensagem de uma pessoa sua conhecida a question\u00e1-lo se era mesmo ele o \u201cFedora Man\u201d, como a Internet o veio a apelidar. \u201cDisse-me que tinha 5 milh\u00f5es de visualiza\u00e7\u00f5es\u2026 Fiquei um pouco surpreendido\u201d, contou. Depois, soube que a sua imagem tinha inclusivamente chegado ao The New York Times. \u201cN\u00e3o \u00e9 todos os dias\u201d, brincou.<\/p>\n<blockquote class=\"twitter-tweet\" data-width=\"500\" data-dnt=\"true\">\n<p lang=\"it\" dir=\"ltr\">\u201cFedora Man\u201d smascherato: ecco chi \u00e8 l\u2019uomo misterioso del Louvre<br \/>La foto dell\u2019uomo con cappello e impermeabile davanti al museo parigino aveva fatto impazzire il web.<br \/>Oggi il mistero \u00e8 risolto: si tratta di Pedro Elias Garzon Delvaux, giovane artista e fotografo.<br \/>La sua immagine\u2026 <a href=\"https:\/\/t.co\/ow4UENrFne\" rel=\"nofollow\">pic.twitter.com\/ow4UENrFne<\/a><\/p>\n<p>\u2014 LaPresse (@LaPresse_news) <a href=\"https:\/\/twitter.com\/LaPresse_news\/status\/1987844030391087409?ref_src=twsrc%5Etfw\" rel=\"nofollow noopener\" target=\"_blank\">November 10, 2025<\/a><\/p>\n<\/blockquote>\n<p>Pedro Delvaux assumiu que este \u00e9 o seu estilo. \u201c<strong>Gosto de ser chique. Vou para a escola assim<\/strong>\u201c, referiu, apesar de esclarecer que o chap\u00e9u fica reservado para fins de semana e ocasi\u00f5es especiais. A aproxima\u00e7\u00e3o a detetives de outro tempo, como Hercule Poirot, n\u00e3o \u00e9 descabida, considerando a personagem criada por Agatha Christie \u201cmuito elegante\u201d e defendendo uma imagem distinta para casos fora do normal: \u201cQuando algo incomum acontece, n\u00e3o se imagina um detetive normal. Imagina-se algu\u00e9m diferente\u201d.<\/p>\n<p>O contexto em que o adolescente de 15 anos cresceu acabou tamb\u00e9m por alimentar o apre\u00e7o por esta iconografia. A m\u00e3e, F\u00e9licit\u00e9 Garzon Delvaux, cresceu num pal\u00e1cio do s\u00e9culo XVIII e ele \u00e9 neto de um curador e de uma artista.<\/p>\n<p>Agora, Pedro Delvaux admitiu que gostaria de transportar essa paix\u00e3o pela arte para o cinema, brincando com o mediatismo e futuros convites. \u201cEstou \u00e0 espera que as pessoas me contactem para filmes. Isso seria muito engra\u00e7ado. Sou uma estrela\u201d, disse, deixando ainda uma garantia: \u201cVou continuar a vestir-me assim. \u00c9 o meu estilo\u201d.<\/p>\n<p class=\"tinymceh1\"><strong>[H\u00e1 d\u00favidas at\u00e9 ao fim que acabam na vit\u00f3ria mais curta da Hist\u00f3ria.\u00a0A\u00a0<a href=\"https:\/\/observador.pt\/wp-admin\/post.php?post=7685876&amp;action=edit\" rel=\"nofollow noopener\" target=\"_blank\">\u201cElei\u00e7\u00e3o Mais Louca de Sempre\u201d<\/a>\u00a0\u00e9 o novo Podcast Plus do Observador sobre as Presidenciais de 1986. Uma s\u00e9rie narrada pelo ator Gon\u00e7alo Waddington, com banda sonora original de Samuel \u00daria. Pode ouvir o \u00faltimo epis\u00f3dio\u00a0<a href=\"https:\/\/observador.pt\/programas\/a-eleio-mais-louca-de-sempre\/episodio-6-a-vitoria-mais-curta-da-historia\/\" rel=\"nofollow noopener\" target=\"_blank\">aqui<\/a>, no\u00a0Observador, e tamb\u00e9m na\u00a0<a href=\"https:\/\/podcasts.apple.com\/pt\/podcast\/epis%C3%B3dio-6-a-vit%C3%B3ria-mais-curta-da-hist%C3%B3ria\/id1841273464?i=1000735108841\" rel=\"nofollow noopener\" target=\"_blank\">Apple Podcasts<\/a>, no\u00a0<a href=\"https:\/\/open.spotify.com\/episode\/01P6DWg39vDsqRDF9hHto6?si=32fb673d4e6f476f\" rel=\"nofollow noopener\" target=\"_blank\">Spotify<\/a>\u00a0e no\u00a0<a href=\"https:\/\/music.youtube.com\/watch?v=tC9N52JuIbI&amp;si=yDUA94GtcmbZxfYl\" rel=\"nofollow noopener\" target=\"_blank\">Youtube Music<\/a>. E pode ouvir o primeiro epis\u00f3dio\u00a0<a href=\"https:\/\/observador.pt\/programas\/a-eleio-mais-louca-de-sempre\/estreia-a-eleicao-mais-louca-de-sempre-episodio-1-apostamos-no-cavalo-errado\/\" target=\"_blank\" rel=\"noopener nofollow\">aqui<\/a>,\u00a0o segundo\u00a0<a href=\"https:\/\/observador.pt\/programas\/a-eleio-mais-louca-de-sempre\/episodio-2-uma-traicao-inesperada\/\" target=\"_blank\" rel=\"noopener nofollow\">aqui<\/a>,\u00a0o terceiro\u00a0<a href=\"https:\/\/observador.pt\/programas\/a-eleio-mais-louca-de-sempre\/episodio-3-ele-nao-e-meu-irmao\/\" rel=\"nofollow noopener\" target=\"_blank\">aqui<\/a>, o\u00a0<a href=\"https:\/\/observador.pt\/programas\/a-eleio-mais-louca-de-sempre\/episodio-4-portugal-nao-e-moscovo\/\" rel=\"nofollow noopener\" target=\"_blank\">quarto<\/a>\u00a0aqui e o\u00a0<a href=\"https:\/\/observador.pt\/programas\/a-eleio-mais-louca-de-sempre\/episodio-5-uma-armadilha-em-direto\/\" rel=\"nofollow noopener\" target=\"_blank\">quinto\u00a0<\/a>aqui]<\/strong><\/p>\n<p><a href=\"https:\/\/observador.pt\/programas\/a-eleio-mais-louca-de-sempre\/episodio-6-a-vitoria-mais-curta-da-historia\/\" rel=\"nofollow noopener\" target=\"_blank\"><\/p>\n<p>        <img src=\"https:\/\/www.europesays.com\/pt\/wp-content\/uploads\/2025\/10\/1761878958_488_770-a-eleicao-mais-louca-de-sempre-playicon.png\" alt=\"\" loading=\"lazy\" decoding=\"async\" class=\"alignnone\" onload=\"this.parentElement.classList.remove('spinner')\" onerror=\"this.parentElement.classList.remove('spinner')\" width=\"770\" height=\"433\"\/>    <\/p>\n<p><\/a><\/p>\n<p>            <script async src=\"https:\/\/platform.twitter.com\/widgets.js\" charset=\"utf-8\"><\/script><\/p>\n","protected":false},"excerpt":{"rendered":"Nem detetive, nem produto de intelig\u00eancia artificial, nem sequer adulto. O ic\u00f3nico \u201cFedora Man\u201d apanhado ao lado de&hellip;\n","protected":false},"author":2,"featured_media":147057,"comment_status":"","ping_status":"","sticky":false,"template":"","format":"standard","meta":{"footnotes":""},"categories":[144],"tags":[207,205,206,203,201,202,204,114,115,445,2104,62,32,33],"class_list":{"0":"post-147056","1":"post","2":"type-post","3":"status-publish","4":"format-standard","5":"has-post-thumbnail","7":"category-arte-e-design","8":"tag-arte","9":"tag-arte-e-design","10":"tag-artedesign","11":"tag-arts","12":"tag-arts-and-design","13":"tag-artsanddesign","14":"tag-design","15":"tag-entertainment","16":"tag-entretenimento","17":"tag-europa","18":"tag-franu00e7a","19":"tag-mundo","20":"tag-portugal","21":"tag-pt"},"share_on_mastodon":{"url":"https:\/\/pubeurope.com\/@pt\/115527254455591537","error":""},"_links":{"self":[{"href":"https:\/\/www.europesays.com\/pt\/wp-json\/wp\/v2\/posts\/147056","targetHints":{"allow":["GET"]}}],"collection":[{"href":"https:\/\/www.europesays.com\/pt\/wp-json\/wp\/v2\/posts"}],"about":[{"href":"https:\/\/www.europesays.com\/pt\/wp-json\/wp\/v2\/types\/post"}],"author":[{"embeddable":true,"href":"https:\/\/www.europesays.com\/pt\/wp-json\/wp\/v2\/users\/2"}],"replies":[{"embeddable":true,"href":"https:\/\/www.europesays.com\/pt\/wp-json\/wp\/v2\/comments?post=147056"}],"version-history":[{"count":0,"href":"https:\/\/www.europesays.com\/pt\/wp-json\/wp\/v2\/posts\/147056\/revisions"}],"wp:featuredmedia":[{"embeddable":true,"href":"https:\/\/www.europesays.com\/pt\/wp-json\/wp\/v2\/media\/147057"}],"wp:attachment":[{"href":"https:\/\/www.europesays.com\/pt\/wp-json\/wp\/v2\/media?parent=147056"}],"wp:term":[{"taxonomy":"category","embeddable":true,"href":"https:\/\/www.europesays.com\/pt\/wp-json\/wp\/v2\/categories?post=147056"},{"taxonomy":"post_tag","embeddable":true,"href":"https:\/\/www.europesays.com\/pt\/wp-json\/wp\/v2\/tags?post=147056"}],"curies":[{"name":"wp","href":"https:\/\/api.w.org\/{rel}","templated":true}]}}