{"id":147058,"date":"2025-11-10T20:20:10","date_gmt":"2025-11-10T20:20:10","guid":{"rendered":"https:\/\/www.europesays.com\/pt\/147058\/"},"modified":"2025-11-10T20:20:10","modified_gmt":"2025-11-10T20:20:10","slug":"quando-tu-chegas-as-pessoas-tu-es-oca-o-clima-ferveu-entre-ana-cristina-e-bruno-e-a-plateia-assiste-secret-story","status":"publish","type":"post","link":"https:\/\/www.europesays.com\/pt\/147058\/","title":{"rendered":"\u00abQuando tu chegas, as pessoas&#8230; Tu \u00e9s oca\u00bb: O clima ferveu entre Ana Cristina e Bruno, e a plateia assiste &#8211; Secret Story"},"content":{"rendered":"<p>No Di\u00e1rio do Secret Story 9,\u00a0A Cadeira Quente continua e, questionada pela Voz, Liliana confirma que Ana Cristina interrompe os colegas constantemente, n\u00e3o respeita a opini\u00e3o de ningu\u00e9m e \u00e9 uma mulher do contra. A concorrente responde que se mete nos assuntos da casa no tempo que acha que deve intervir. Bruno acusa-a de ser irritante e confessa que \u00e9 insuport\u00e1vel estar na sua presen\u00e7a. Ana Cristina contesta que Bruno devia ter vergonha de mostrar a pessoa que \u00e9, acrescentando que n\u00e3o \u00e9 frontal e \u00e9 o mais mal-educado da casa. Os dois discutem de forma acesa e n\u00e3o se entendem.<\/p>\n<p><strong>Veja tamb\u00e9m:\u00a0<a href=\"https:\/\/tvi.iol.pt\/secretstory\/inscricoes\/casa-dos-segredos\/e-destemido-e-adora-misterios-inscreva-se-aqui-no-proximo-secret-story\" wbo-id=\"32\" rel=\"nofollow noopener\" target=\"_blank\">\u00c9 destemido e adora mist\u00e9rios? Inscreva-se aqui no pr\u00f3ximo Secret Story<\/a><\/strong><\/p>\n<p><strong><a href=\"https:\/\/tvi.iol.pt\/secretstory\/aominuto\" wbo-id=\"33\" rel=\"nofollow noopener\" target=\"_blank\">Acompanhe tudo o que se passa na casa mais vigiada do Pa\u00eds<\/a><\/strong><\/p>\n","protected":false},"excerpt":{"rendered":"No Di\u00e1rio do Secret Story 9,\u00a0A Cadeira Quente continua e, questionada pela Voz, Liliana confirma que Ana Cristina&hellip;\n","protected":false},"author":2,"featured_media":147059,"comment_status":"","ping_status":"","sticky":false,"template":"","format":"standard","meta":{"footnotes":""},"categories":[142],"tags":[114,115,19033,19034,32,33,151,19032],"class_list":{"0":"post-147058","1":"post","2":"type-post","3":"status-publish","4":"format-standard","5":"has-post-thumbnail","7":"category-tv","8":"tag-entertainment","9":"tag-entretenimento","10":"tag-galas-em-video","11":"tag-melhores-momentos-casa-dos-segredos","12":"tag-portugal","13":"tag-pt","14":"tag-tv","15":"tag-videos-secret-story-tvi"},"share_on_mastodon":{"url":"https:\/\/pubeurope.com\/@pt\/115527262277932855","error":""},"_links":{"self":[{"href":"https:\/\/www.europesays.com\/pt\/wp-json\/wp\/v2\/posts\/147058","targetHints":{"allow":["GET"]}}],"collection":[{"href":"https:\/\/www.europesays.com\/pt\/wp-json\/wp\/v2\/posts"}],"about":[{"href":"https:\/\/www.europesays.com\/pt\/wp-json\/wp\/v2\/types\/post"}],"author":[{"embeddable":true,"href":"https:\/\/www.europesays.com\/pt\/wp-json\/wp\/v2\/users\/2"}],"replies":[{"embeddable":true,"href":"https:\/\/www.europesays.com\/pt\/wp-json\/wp\/v2\/comments?post=147058"}],"version-history":[{"count":0,"href":"https:\/\/www.europesays.com\/pt\/wp-json\/wp\/v2\/posts\/147058\/revisions"}],"wp:featuredmedia":[{"embeddable":true,"href":"https:\/\/www.europesays.com\/pt\/wp-json\/wp\/v2\/media\/147059"}],"wp:attachment":[{"href":"https:\/\/www.europesays.com\/pt\/wp-json\/wp\/v2\/media?parent=147058"}],"wp:term":[{"taxonomy":"category","embeddable":true,"href":"https:\/\/www.europesays.com\/pt\/wp-json\/wp\/v2\/categories?post=147058"},{"taxonomy":"post_tag","embeddable":true,"href":"https:\/\/www.europesays.com\/pt\/wp-json\/wp\/v2\/tags?post=147058"}],"curies":[{"name":"wp","href":"https:\/\/api.w.org\/{rel}","templated":true}]}}